{"id":1097,"date":"2013-10-25T12:14:48","date_gmt":"2013-10-25T12:14:48","guid":{"rendered":"http:\/\/amisdebudange.free.fr\/wordpress\/?p=1097"},"modified":"2020-02-04T13:40:32","modified_gmt":"2020-02-04T12:40:32","slug":"repas-dansant-special-30-anniversaire","status":"publish","type":"post","link":"http:\/\/www.amisdebudange.fr\/wordpress\/2013\/10\/25\/repas-dansant-special-30-anniversaire\/","title":{"rendered":"Soir\u00e9e Anniversaire &#8211; 2013"},"content":{"rendered":"<p>Cet automne, l\u2019Association Les Amis de Budange f\u00eate son trenti\u00e8me anniversaire. A cette occasion, elle organise un repas dansant le samedi 23 novembre \u00e0 la Salle Victor Hugo \u00e0 partir de 19h 30.<\/p>\n<p><!--more--><\/p>\n<p><strong>Au menu\u00a0:<\/strong><\/p>\n<ul>\n<li>Ap\u00e9ritif et son accompagnement.<\/li>\n<li>Saumon Bellevue.<\/li>\n<li>B\u0153uf brais\u00e9 aux champignons de Paris et ses spaetzle.<\/li>\n<li>Assiette de salade et son duo de fromage.<\/li>\n<li>Omelette norv\u00e9gienne.<\/li>\n<li>Caf\u00e9.<\/li>\n<\/ul>\n<p>Le menu adulte\u00a0est \u00e0\u00a0 25 \u20ac sans la boisson.<\/p>\n<p>Un\u00a0menu enfants \u00e0 10 \u20ac est pr\u00e9vu pour les moins de 10 ans.<\/p>\n<p>D\u00e8s 19h30, heure de d\u00e9but des festivit\u00e9s,\u00a0les participants\u00a0d\u00e9couvriront les clich\u00e9s pr\u00e9sent\u00e9s au concours-photo\u00a0de l\u2019association : <strong><a href=\"?p=1040\">Budange, son village, ses gens, ses paysages, ses animations<\/a><\/strong>.<\/p>\n<p>&nbsp;<\/p>\n\n\t\t<style>\n\t\t\t#gallery-1 {\n\t\t\t\tmargin: auto;\n\t\t\t}\n\t\t\t#gallery-1 .gallery-item {\n\t\t\t\tfloat: left;\n\t\t\t\tmargin-top: 10px;\n\t\t\t\ttext-align: center;\n\t\t\t\twidth: 50%;\n\t\t\t}\n\t\t\t#gallery-1 img {\n\t\t\t\tborder: 2px solid #cfcfcf;\n\t\t\t}\n\t\t\t#gallery-1 .gallery-caption {\n\t\t\t\tmargin-left: 0;\n\t\t\t}\n\t\t\t\/* see gallery_shortcode() in wp-includes\/media.php *\/\n\t\t<\/style>\n\t\t<div id='gallery-1' class='gallery galleryid-1097 gallery-columns-2 gallery-size-full'><dl class='gallery-item'>\n\t\t\t<dt class='gallery-icon portrait'>\n\t\t\t\t<a href='http:\/\/www.amisdebudange.fr\/wordpress\/wp-content\/uploads\/2013\/10\/repas-1.png' title=\"\" data-rl_title=\"\" class=\"rl-gallery-link\" data-rl_caption=\"\" data-rel=\"lightbox-gallery-1\"><img loading=\"lazy\" decoding=\"async\" width=\"694\" height=\"1024\" src=\"http:\/\/www.amisdebudange.fr\/wordpress\/wp-content\/uploads\/2013\/10\/repas-1.png\" class=\"attachment-full size-full\" alt=\"\" srcset=\"http:\/\/www.amisdebudange.fr\/wordpress\/wp-content\/uploads\/2013\/10\/repas-1.png 694w, http:\/\/www.amisdebudange.fr\/wordpress\/wp-content\/uploads\/2013\/10\/repas-1-101x150.png 101w, http:\/\/www.amisdebudange.fr\/wordpress\/wp-content\/uploads\/2013\/10\/repas-1-203x300.png 203w, http:\/\/www.amisdebudange.fr\/wordpress\/wp-content\/uploads\/2013\/10\/repas-1-600x885.png 600w\" sizes=\"auto, (max-width: 694px) 100vw, 694px\" \/><\/a>\n\t\t\t<\/dt><\/dl><dl class='gallery-item'>\n\t\t\t<dt class='gallery-icon portrait'>\n\t\t\t\t<a href='http:\/\/www.amisdebudange.fr\/wordpress\/wp-content\/uploads\/2013\/10\/repas-2.png' title=\"\" data-rl_title=\"\" class=\"rl-gallery-link\" data-rl_caption=\"\" data-rel=\"lightbox-gallery-1\"><img loading=\"lazy\" decoding=\"async\" width=\"700\" height=\"1024\" src=\"http:\/\/www.amisdebudange.fr\/wordpress\/wp-content\/uploads\/2013\/10\/repas-2.png\" class=\"attachment-full size-full\" alt=\"\" srcset=\"http:\/\/www.amisdebudange.fr\/wordpress\/wp-content\/uploads\/2013\/10\/repas-2.png 700w, http:\/\/www.amisdebudange.fr\/wordpress\/wp-content\/uploads\/2013\/10\/repas-2-102x150.png 102w, http:\/\/www.amisdebudange.fr\/wordpress\/wp-content\/uploads\/2013\/10\/repas-2-205x300.png 205w, http:\/\/www.amisdebudange.fr\/wordpress\/wp-content\/uploads\/2013\/10\/repas-2-600x877.png 600w\" sizes=\"auto, (max-width: 700px) 100vw, 700px\" \/><\/a>\n\t\t\t<\/dt><\/dl><br style=\"clear: both\" \/>\n\t\t<\/div>\n\n","protected":false},"excerpt":{"rendered":"<p>Cet automne, l\u2019Association Les Amis de Budange f\u00eate son trenti\u00e8me anniversaire. A cette occasion, elle organise un repas dansant le samedi 23 novembre \u00e0 la Salle Victor Hugo \u00e0 partir de 19h 30.<\/p>\n","protected":false},"author":1,"featured_media":1112,"comment_status":"closed","ping_status":"closed","sticky":false,"template":"","format":"standard","meta":{"ngg_post_thumbnail":0,"footnotes":""},"categories":[3],"tags":[],"class_list":["post-1097","post","type-post","status-publish","format-standard","has-post-thumbnail","hentry","category-evenements"],"_links":{"self":[{"href":"http:\/\/www.amisdebudange.fr\/wordpress\/wp-json\/wp\/v2\/posts\/1097","targetHints":{"allow":["GET"]}}],"collection":[{"href":"http:\/\/www.amisdebudange.fr\/wordpress\/wp-json\/wp\/v2\/posts"}],"about":[{"href":"http:\/\/www.amisdebudange.fr\/wordpress\/wp-json\/wp\/v2\/types\/post"}],"author":[{"embeddable":true,"href":"http:\/\/www.amisdebudange.fr\/wordpress\/wp-json\/wp\/v2\/users\/1"}],"replies":[{"embeddable":true,"href":"http:\/\/www.amisdebudange.fr\/wordpress\/wp-json\/wp\/v2\/comments?post=1097"}],"version-history":[{"count":3,"href":"http:\/\/www.amisdebudange.fr\/wordpress\/wp-json\/wp\/v2\/posts\/1097\/revisions"}],"predecessor-version":[{"id":1257,"href":"http:\/\/www.amisdebudange.fr\/wordpress\/wp-json\/wp\/v2\/posts\/1097\/revisions\/1257"}],"wp:featuredmedia":[{"embeddable":true,"href":"http:\/\/www.amisdebudange.fr\/wordpress\/wp-json\/wp\/v2\/media\/1112"}],"wp:attachment":[{"href":"http:\/\/www.amisdebudange.fr\/wordpress\/wp-json\/wp\/v2\/media?parent=1097"}],"wp:term":[{"taxonomy":"category","embeddable":true,"href":"http:\/\/www.amisdebudange.fr\/wordpress\/wp-json\/wp\/v2\/categories?post=1097"},{"taxonomy":"post_tag","embeddable":true,"href":"http:\/\/www.amisdebudange.fr\/wordpress\/wp-json\/wp\/v2\/tags?post=1097"}],"curies":[{"name":"wp","href":"https:\/\/api.w.org\/{rel}","templated":true}]}}