{"id":1162,"date":"2014-07-24T14:01:32","date_gmt":"2014-07-24T14:01:32","guid":{"rendered":"http:\/\/amisdebudange.free.fr\/wordpress\/?p=1162"},"modified":"2020-02-04T13:40:32","modified_gmt":"2020-02-04T12:40:32","slug":"fete-de-budange-2014","status":"publish","type":"post","link":"http:\/\/www.amisdebudange.fr\/wordpress\/2014\/07\/24\/fete-de-budange-2014\/","title":{"rendered":"F\u00eate de Budange &#8211; 2014"},"content":{"rendered":"<p>L&rsquo;association Les Amis de Budange vous invite, comme chaque ann\u00e9e, \u00e0 participer \u00e0 sa traditionnelle f\u00eate de Budange !<br \/>\n<!--more--><br \/>\nParlez en autour de vous en invitant vos amis \u00e0 rejoindre cet \u00e9v\u00e9nement et en le partageant sur vos murs ;).<\/p>\n<p>Un programme riche vous est propos\u00e9 :<\/p>\n<h3>SAMEDI 26 JUILLET<\/h3>\n<ul>\n<li>18h : ouverture de la f\u00eate.<\/li>\n<li>23h : tirage du <strong>FEU D&rsquo;ARTIFICE<\/strong> (en partenariat avec Embrasia).<\/li>\n<li>Fin de soir\u00e9e : animation musicale \u266b.<\/li>\n<\/ul>\n<h3>DIMANCHE 27 JUILLET<\/h3>\n<ul>\n<li>10h : messe \u00e0 la chapelle Sainte-Anne (vente de pain b\u00e9ni \u00e0 la sortie).<\/li>\n<li>11h : ap\u00e9ritif sur le terrain de foot (vente de pain et premier verre de Kir offert).<\/li>\n<li>Toute l&rsquo;apr\u00e8s-midi : <strong>animation gratuite pour les enfants<\/strong> (maquillage, spectacle de magie, sculpture sur ballon ..) !<\/li>\n<li>14h : <strong>concert de Karine Zunino<\/strong>.<\/li>\n<li>20h : tirage de la tombola.<\/li>\n<\/ul>\n<h3>TOUT LE WEEK-END<\/h3>\n<p>Nombreux forains, Restauration sous chapiteau (JAMBON \u00c0 LA BROCHE), orchestre les Danc&rsquo;Sing, soir\u00e9es dansantes&#8230;<\/p>\n<hr \/>\n<h4>\u00c0 VOIR<\/h4>\n<ul>\n<li>Embrasia : <a href=\"https:\/\/www.facebook.com\/pages\/Embrasia57\/160078180690958?fref=ts\">Facebook<\/a>.<\/li>\n<li>Orchestre les Danc&rsquo;Sing : <a href=\"http:\/\/www.dancsing.fr\/\">Site Internet<\/a><\/li>\n<\/ul>\n<hr \/>\n\n\t\t<style>\n\t\t\t#gallery-1 {\n\t\t\t\tmargin: auto;\n\t\t\t}\n\t\t\t#gallery-1 .gallery-item {\n\t\t\t\tfloat: left;\n\t\t\t\tmargin-top: 10px;\n\t\t\t\ttext-align: center;\n\t\t\t\twidth: 33%;\n\t\t\t}\n\t\t\t#gallery-1 img {\n\t\t\t\tborder: 2px solid #cfcfcf;\n\t\t\t}\n\t\t\t#gallery-1 .gallery-caption {\n\t\t\t\tmargin-left: 0;\n\t\t\t}\n\t\t\t\/* see gallery_shortcode() in wp-includes\/media.php *\/\n\t\t<\/style>\n\t\t<div id='gallery-1' class='gallery galleryid-1162 gallery-columns-3 gallery-size-full'><dl class='gallery-item'>\n\t\t\t<dt class='gallery-icon portrait'>\n\t\t\t\t<a href='http:\/\/www.amisdebudange.fr\/wordpress\/wp-content\/uploads\/2014\/07\/Tract-Recto.jpg' title=\"\" data-rl_title=\"\" class=\"rl-gallery-link\" data-rl_caption=\"\" data-rel=\"lightbox-gallery-1\"><img loading=\"lazy\" decoding=\"async\" width=\"620\" height=\"877\" src=\"http:\/\/www.amisdebudange.fr\/wordpress\/wp-content\/uploads\/2014\/07\/Tract-Recto.jpg\" class=\"attachment-full size-full\" alt=\"\" srcset=\"http:\/\/www.amisdebudange.fr\/wordpress\/wp-content\/uploads\/2014\/07\/Tract-Recto.jpg 620w, http:\/\/www.amisdebudange.fr\/wordpress\/wp-content\/uploads\/2014\/07\/Tract-Recto-106x150.jpg 106w, http:\/\/www.amisdebudange.fr\/wordpress\/wp-content\/uploads\/2014\/07\/Tract-Recto-212x300.jpg 212w, http:\/\/www.amisdebudange.fr\/wordpress\/wp-content\/uploads\/2014\/07\/Tract-Recto-600x848.jpg 600w\" sizes=\"auto, (max-width: 620px) 100vw, 620px\" \/><\/a>\n\t\t\t<\/dt><\/dl><dl class='gallery-item'>\n\t\t\t<dt class='gallery-icon portrait'>\n\t\t\t\t<a href='http:\/\/www.amisdebudange.fr\/wordpress\/wp-content\/uploads\/2014\/07\/Tract-Verso.jpg' title=\"\" data-rl_title=\"\" class=\"rl-gallery-link\" data-rl_caption=\"\" data-rel=\"lightbox-gallery-1\"><img loading=\"lazy\" decoding=\"async\" width=\"620\" height=\"877\" src=\"http:\/\/www.amisdebudange.fr\/wordpress\/wp-content\/uploads\/2014\/07\/Tract-Verso.jpg\" class=\"attachment-full size-full\" alt=\"\" srcset=\"http:\/\/www.amisdebudange.fr\/wordpress\/wp-content\/uploads\/2014\/07\/Tract-Verso.jpg 620w, http:\/\/www.amisdebudange.fr\/wordpress\/wp-content\/uploads\/2014\/07\/Tract-Verso-106x150.jpg 106w, http:\/\/www.amisdebudange.fr\/wordpress\/wp-content\/uploads\/2014\/07\/Tract-Verso-212x300.jpg 212w, http:\/\/www.amisdebudange.fr\/wordpress\/wp-content\/uploads\/2014\/07\/Tract-Verso-600x848.jpg 600w\" sizes=\"auto, (max-width: 620px) 100vw, 620px\" \/><\/a>\n\t\t\t<\/dt><\/dl>\n\t\t\t<br style='clear: both' \/>\n\t\t<\/div>\n\n","protected":false},"excerpt":{"rendered":"<p>L&rsquo;association Les Amis de Budange vous invite, comme chaque ann\u00e9e, \u00e0 participer \u00e0 sa traditionnelle f\u00eate de Budange !<\/p>\n","protected":false},"author":1,"featured_media":1227,"comment_status":"closed","ping_status":"closed","sticky":false,"template":"","format":"standard","meta":{"ngg_post_thumbnail":0,"footnotes":""},"categories":[3],"tags":[],"class_list":["post-1162","post","type-post","status-publish","format-standard","has-post-thumbnail","hentry","category-evenements"],"_links":{"self":[{"href":"http:\/\/www.amisdebudange.fr\/wordpress\/wp-json\/wp\/v2\/posts\/1162","targetHints":{"allow":["GET"]}}],"collection":[{"href":"http:\/\/www.amisdebudange.fr\/wordpress\/wp-json\/wp\/v2\/posts"}],"about":[{"href":"http:\/\/www.amisdebudange.fr\/wordpress\/wp-json\/wp\/v2\/types\/post"}],"author":[{"embeddable":true,"href":"http:\/\/www.amisdebudange.fr\/wordpress\/wp-json\/wp\/v2\/users\/1"}],"replies":[{"embeddable":true,"href":"http:\/\/www.amisdebudange.fr\/wordpress\/wp-json\/wp\/v2\/comments?post=1162"}],"version-history":[{"count":7,"href":"http:\/\/www.amisdebudange.fr\/wordpress\/wp-json\/wp\/v2\/posts\/1162\/revisions"}],"predecessor-version":[{"id":1190,"href":"http:\/\/www.amisdebudange.fr\/wordpress\/wp-json\/wp\/v2\/posts\/1162\/revisions\/1190"}],"wp:featuredmedia":[{"embeddable":true,"href":"http:\/\/www.amisdebudange.fr\/wordpress\/wp-json\/wp\/v2\/media\/1227"}],"wp:attachment":[{"href":"http:\/\/www.amisdebudange.fr\/wordpress\/wp-json\/wp\/v2\/media?parent=1162"}],"wp:term":[{"taxonomy":"category","embeddable":true,"href":"http:\/\/www.amisdebudange.fr\/wordpress\/wp-json\/wp\/v2\/categories?post=1162"},{"taxonomy":"post_tag","embeddable":true,"href":"http:\/\/www.amisdebudange.fr\/wordpress\/wp-json\/wp\/v2\/tags?post=1162"}],"curies":[{"name":"wp","href":"https:\/\/api.w.org\/{rel}","templated":true}]}}