{"id":151,"date":"2010-06-19T18:00:00","date_gmt":"2010-06-19T18:00:00","guid":{"rendered":"http:\/\/amisdebudange.free.fr\/?p=151"},"modified":"2020-02-20T09:07:42","modified_gmt":"2020-02-20T08:07:42","slug":"fete-de-la-musique-2010","status":"publish","type":"post","link":"http:\/\/www.amisdebudange.fr\/wordpress\/2010\/06\/19\/fete-de-la-musique-2010\/","title":{"rendered":"F\u00eate de la Musique &#8211; 2010"},"content":{"rendered":"<p>Le nouveau comit\u00e9 des Amis de Budange vous convie \u00e0 la f\u00eate de la Musique 2010. Au programme de cette ann\u00e9e : animation musicale et restauration sous chapiteau ! Rendez-vous ce samedi \u00e0 18h30 sur la parking de la place Emile Hacquard \u00e0 Budange.<\/p>\n<p><!--more--><\/p>\n<h3>INFORMATIONS<\/h3>\n<ul>\n<li><em>Quand :<\/em> 19\/06\/10 (18:30 &#8211; 23:30).<\/li>\n<li><em>O\u00f9 :<\/em> Parking en haut de la rue sainte-Anne &#8211; Place Emile Hacquard \u2013 Fameck.<\/li>\n<li><em>Liens :<\/em> <a href=\"http:\/\/maps.google.com\/maps?q=Fameck,%20Lorraine,%20France\">Voir la carte<\/a>.<\/li>\n<\/ul>\n\n\t\t<style>\n\t\t\t#gallery-1 {\n\t\t\t\tmargin: auto;\n\t\t\t}\n\t\t\t#gallery-1 .gallery-item {\n\t\t\t\tfloat: left;\n\t\t\t\tmargin-top: 10px;\n\t\t\t\ttext-align: center;\n\t\t\t\twidth: 33%;\n\t\t\t}\n\t\t\t#gallery-1 img {\n\t\t\t\tborder: 2px solid #cfcfcf;\n\t\t\t}\n\t\t\t#gallery-1 .gallery-caption {\n\t\t\t\tmargin-left: 0;\n\t\t\t}\n\t\t\t\/* see gallery_shortcode() in wp-includes\/media.php *\/\n\t\t<\/style>\n\t\t<div id='gallery-1' class='gallery galleryid-151 gallery-columns-3 gallery-size-full'><dl class='gallery-item'>\n\t\t\t<dt class='gallery-icon portrait'>\n\t\t\t\t<a href='http:\/\/www.amisdebudange.fr\/wordpress\/wp-content\/uploads\/2013\/06\/162058_101556673229401_1725053_n.jpg' title=\"\" data-rl_title=\"\" class=\"rl-gallery-link\" data-rl_caption=\"\" data-rel=\"lightbox-gallery-1\"><img loading=\"lazy\" decoding=\"async\" width=\"200\" height=\"283\" src=\"http:\/\/www.amisdebudange.fr\/wordpress\/wp-content\/uploads\/2013\/06\/162058_101556673229401_1725053_n.jpg\" class=\"attachment-full size-full\" alt=\"\" srcset=\"http:\/\/www.amisdebudange.fr\/wordpress\/wp-content\/uploads\/2013\/06\/162058_101556673229401_1725053_n.jpg 200w, http:\/\/www.amisdebudange.fr\/wordpress\/wp-content\/uploads\/2013\/06\/162058_101556673229401_1725053_n-106x150.jpg 106w\" sizes=\"auto, (max-width: 200px) 100vw, 200px\" \/><\/a>\n\t\t\t<\/dt><\/dl>\n\t\t\t<br style='clear: both' \/>\n\t\t<\/div>\n\n","protected":false},"excerpt":{"rendered":"<p>Le nouveau comit\u00e9 des Amis de Budange vous convie \u00e0 la f\u00eate de la Musique 2010. Au programme de cette ann\u00e9e : animation musicale et restauration sous chapiteau ! Rendez-vous ce samedi \u00e0 18h30&#46;&#46;&#46;<\/p>\n","protected":false},"author":1,"featured_media":979,"comment_status":"closed","ping_status":"closed","sticky":false,"template":"","format":"standard","meta":{"ngg_post_thumbnail":0,"footnotes":""},"categories":[3],"tags":[],"class_list":["post-151","post","type-post","status-publish","format-standard","has-post-thumbnail","hentry","category-evenements"],"_links":{"self":[{"href":"http:\/\/www.amisdebudange.fr\/wordpress\/wp-json\/wp\/v2\/posts\/151","targetHints":{"allow":["GET"]}}],"collection":[{"href":"http:\/\/www.amisdebudange.fr\/wordpress\/wp-json\/wp\/v2\/posts"}],"about":[{"href":"http:\/\/www.amisdebudange.fr\/wordpress\/wp-json\/wp\/v2\/types\/post"}],"author":[{"embeddable":true,"href":"http:\/\/www.amisdebudange.fr\/wordpress\/wp-json\/wp\/v2\/users\/1"}],"replies":[{"embeddable":true,"href":"http:\/\/www.amisdebudange.fr\/wordpress\/wp-json\/wp\/v2\/comments?post=151"}],"version-history":[{"count":3,"href":"http:\/\/www.amisdebudange.fr\/wordpress\/wp-json\/wp\/v2\/posts\/151\/revisions"}],"predecessor-version":[{"id":1999,"href":"http:\/\/www.amisdebudange.fr\/wordpress\/wp-json\/wp\/v2\/posts\/151\/revisions\/1999"}],"wp:featuredmedia":[{"embeddable":true,"href":"http:\/\/www.amisdebudange.fr\/wordpress\/wp-json\/wp\/v2\/media\/979"}],"wp:attachment":[{"href":"http:\/\/www.amisdebudange.fr\/wordpress\/wp-json\/wp\/v2\/media?parent=151"}],"wp:term":[{"taxonomy":"category","embeddable":true,"href":"http:\/\/www.amisdebudange.fr\/wordpress\/wp-json\/wp\/v2\/categories?post=151"},{"taxonomy":"post_tag","embeddable":true,"href":"http:\/\/www.amisdebudange.fr\/wordpress\/wp-json\/wp\/v2\/tags?post=151"}],"curies":[{"name":"wp","href":"https:\/\/api.w.org\/{rel}","templated":true}]}}