{"id":1754,"date":"2016-06-14T21:37:45","date_gmt":"2016-06-14T19:37:45","guid":{"rendered":"http:\/\/www.amisdebudange.fr\/wordpress\/?p=1754"},"modified":"2020-02-04T13:40:03","modified_gmt":"2020-02-04T12:40:03","slug":"fete-de-la-musique-2016","status":"publish","type":"post","link":"http:\/\/www.amisdebudange.fr\/wordpress\/2016\/06\/14\/fete-de-la-musique-2016\/","title":{"rendered":"F\u00eate de la Musique &#8211; 2016"},"content":{"rendered":"<p>Le vendredi 17 juin, venez f\u00eater la musique avec tous les b\u00e9n\u00e9voles des Amis de Budange !<\/p>\n<p><!--more--><\/p>\n<p>En partenariat avec la ville de Fameck, l&rsquo;association vous invite \u00e0 venir partager un agr\u00e9able moment. Animation musicale et restauration sous chapiteau vous seront propos\u00e9es.<\/p>\n<p>Cette ann\u00e9e, des \u00e9l\u00e8ves de classe de seconde du lyc\u00e9e Saint-Exup\u00e9ry se joindront \u00e0 l&rsquo;organisation. Ils assureront la vente des desserts pour financer un voyage scolaire aux \u00c9tats-Unis.<\/p>\n<p>Rendez-vous le vendredi 17 juin \u00e0 partir de 18h sur la place Emile Hacquard de Fameck Budange (parking situ\u00e9 en haut de la rue sainte-Anne).<\/p>\n<p>Budangeoisement,<\/p>\n<p><a href=\"https:\/\/www.facebook.com\/events\/1081489858585227\">\u00c9v\u00e9nement Facebook<\/a><\/p>\n<p><img loading=\"lazy\" decoding=\"async\" src=\"http:\/\/www.amisdebudange.fr\/wordpress\/wp-content\/uploads\/2016\/06\/recto-212x300.jpg\" alt=\"recto\" width=\"212\" height=\"300\" class=\"alignnone size-medium wp-image-1755\" srcset=\"http:\/\/www.amisdebudange.fr\/wordpress\/wp-content\/uploads\/2016\/06\/recto-212x300.jpg 212w, http:\/\/www.amisdebudange.fr\/wordpress\/wp-content\/uploads\/2016\/06\/recto-106x150.jpg 106w, http:\/\/www.amisdebudange.fr\/wordpress\/wp-content\/uploads\/2016\/06\/recto.jpg 279w\" sizes=\"auto, (max-width: 212px) 100vw, 212px\" \/><\/p>\n","protected":false},"excerpt":{"rendered":"<p>Le vendredi 17 juin, venez f\u00eater la musique avec tous les b\u00e9n\u00e9voles des Amis de Budange !<\/p>\n","protected":false},"author":1,"featured_media":1755,"comment_status":"closed","ping_status":"closed","sticky":false,"template":"","format":"standard","meta":{"ngg_post_thumbnail":0,"footnotes":""},"categories":[3],"tags":[],"class_list":["post-1754","post","type-post","status-publish","format-standard","has-post-thumbnail","hentry","category-evenements"],"_links":{"self":[{"href":"http:\/\/www.amisdebudange.fr\/wordpress\/wp-json\/wp\/v2\/posts\/1754","targetHints":{"allow":["GET"]}}],"collection":[{"href":"http:\/\/www.amisdebudange.fr\/wordpress\/wp-json\/wp\/v2\/posts"}],"about":[{"href":"http:\/\/www.amisdebudange.fr\/wordpress\/wp-json\/wp\/v2\/types\/post"}],"author":[{"embeddable":true,"href":"http:\/\/www.amisdebudange.fr\/wordpress\/wp-json\/wp\/v2\/users\/1"}],"replies":[{"embeddable":true,"href":"http:\/\/www.amisdebudange.fr\/wordpress\/wp-json\/wp\/v2\/comments?post=1754"}],"version-history":[{"count":2,"href":"http:\/\/www.amisdebudange.fr\/wordpress\/wp-json\/wp\/v2\/posts\/1754\/revisions"}],"predecessor-version":[{"id":1976,"href":"http:\/\/www.amisdebudange.fr\/wordpress\/wp-json\/wp\/v2\/posts\/1754\/revisions\/1976"}],"wp:featuredmedia":[{"embeddable":true,"href":"http:\/\/www.amisdebudange.fr\/wordpress\/wp-json\/wp\/v2\/media\/1755"}],"wp:attachment":[{"href":"http:\/\/www.amisdebudange.fr\/wordpress\/wp-json\/wp\/v2\/media?parent=1754"}],"wp:term":[{"taxonomy":"category","embeddable":true,"href":"http:\/\/www.amisdebudange.fr\/wordpress\/wp-json\/wp\/v2\/categories?post=1754"},{"taxonomy":"post_tag","embeddable":true,"href":"http:\/\/www.amisdebudange.fr\/wordpress\/wp-json\/wp\/v2\/tags?post=1754"}],"curies":[{"name":"wp","href":"https:\/\/api.w.org\/{rel}","templated":true}]}}