{"id":1758,"date":"2016-07-21T21:17:18","date_gmt":"2016-07-21T19:17:18","guid":{"rendered":"http:\/\/www.amisdebudange.fr\/wordpress\/?p=1758"},"modified":"2020-02-04T13:42:29","modified_gmt":"2020-02-04T12:42:29","slug":"fete-de-budange-2016","status":"publish","type":"post","link":"http:\/\/www.amisdebudange.fr\/wordpress\/2016\/07\/21\/fete-de-budange-2016\/","title":{"rendered":"F\u00eate de Budange &#8211; 2016"},"content":{"rendered":"<p>Cette ann\u00e9e encore, dernier week-end de juillet est synonyme de f\u00eate \u00e0 Budange. L\u2019association vous invite pour sa traditionnelle f\u00eate patronale : la Sainte-Anne.<\/p>\n<p>Nouveaut\u00e9 de 2016, nous vous proposons un GRAND LOTO avec 2 000 \u20ac de prix* \u00e0 la clef : 4 bons d\u2019achat de 50 \u20ac, 2 bons d\u2019achat de 100 \u20ac, 1 bon d\u2019achat de 300 \u20ac, 1 bon d\u2019achat de 500 \u20ac et enfin, le meilleur pour la fin : 1 BON d\u2019ACHAT de 800 \u20ac !<\/p>\n<p><!--more--><\/p>\n<p>Une r\u00e9servation est possible (voir conseill\u00e9e \ud83d\ude09 pour les personnes qui souhaitent participer. Par Email amisdebudange@gmail.com ; en message priv\u00e9e sur Facebook. Veillez \u00e0 pr\u00e9ciser le nom et le nombre de personne.<\/p>\n<p>Dans tous les cas, on demande aux participants de se pr\u00e9senter au moins 1h \u00e0 l\u2019avance et si vous venez d\u00e8s 11h vous avez m\u00eame un verre de kir offert ;).<\/p>\n<p><strong>Programme du week-end :<\/strong><\/p>\n<p><strong>Samedi 30 juillet au soir :<\/strong><\/p>\n<ul>\n<li>Ouverture de la f\u00eate au public d\u00e8s 18h.<\/li>\n<li>Le ciel de Budange s\u2019embrase \u00e0 23h avec magnifique feu d&rsquo;artifice (r\u00e9alis\u00e9 par notre partenaire : la soci\u00e9t\u00e9<\/li>\n<li>Fin de soir\u00e9e dansante \u266b.<\/li>\n<\/ul>\n<p><strong>Dimanche 31 juillet :<\/strong><\/p>\n<ul>\n<li>Messe \u00e0 la chapelle \u00e0 10h avec une vente de pain b\u00e9ni \u00e0 la sortie.<\/li>\n<li>Rendez-vous sur le terrain de foot d\u00e8s 11h. Comme tous les ans, l&rsquo;association offre le premier verre de kir. Des pains traditionnels seront mis en vente.<\/li>\n<li>D\u00e9but du loto \u00e0 14h (il faut venir avant pour<\/li>\n<\/ul>\n<p><strong>Tout au long du week-end :<\/strong><\/p>\n<ul>\n<li>\nForains, Restauration sous chapiteau (JAMBON \u00c0 LA BROCHE), orchestre les Danc&rsquo;Sing, soir\u00e9es dansantes&#8230;<\/li>\n<\/ul>\n<ul>\n<li>: Les organisateurs se r\u00e9servent le droit de diminuer les lots s\u2019il y a moins de 200 joueurs.<\/li>\n<\/ul>\n<p>Tarifs : minimum 7 cartons : 10 \u20ac ; 15 cartons : 20 \u20ac ; 24 cartons : 30 \u20ac ; carton suppl\u00e9mentaire : 1\u20ac50.<\/p>\n<p><strong>Liens :<\/strong><\/p>\n<ul>\n<li><a href=\"https:\/\/www.facebook.com\/pages\/Embrasia57\/160078180690958?fref=ts\">Page Facebook d&rsquo;Embrasia<\/a><\/li>\n<li><a href=\"http:\/\/www.dancsing.fr\/\">Site Internet de l&rsquo;orchestre<\/a><\/li>\n<li><a href=\"https:\/\/www.facebook.com\/events\/173827174977163\">Ev\u00e9nement Facebook<\/a><\/li>\n<\/ul>\n\n\t\t<style>\n\t\t\t#gallery-1 {\n\t\t\t\tmargin: auto;\n\t\t\t}\n\t\t\t#gallery-1 .gallery-item {\n\t\t\t\tfloat: left;\n\t\t\t\tmargin-top: 10px;\n\t\t\t\ttext-align: center;\n\t\t\t\twidth: 33%;\n\t\t\t}\n\t\t\t#gallery-1 img {\n\t\t\t\tborder: 2px solid #cfcfcf;\n\t\t\t}\n\t\t\t#gallery-1 .gallery-caption {\n\t\t\t\tmargin-left: 0;\n\t\t\t}\n\t\t\t\/* see gallery_shortcode() in wp-includes\/media.php *\/\n\t\t<\/style>\n\t\t<div id='gallery-1' class='gallery galleryid-1758 gallery-columns-3 gallery-size-full'><dl class='gallery-item'>\n\t\t\t<dt class='gallery-icon portrait'>\n\t\t\t\t<a href='http:\/\/www.amisdebudange.fr\/wordpress\/wp-content\/uploads\/2016\/07\/recto-1.jpg' title=\"\" data-rl_title=\"\" class=\"rl-gallery-link\" data-rl_caption=\"\" data-rel=\"lightbox-gallery-1\"><img loading=\"lazy\" decoding=\"async\" width=\"3568\" height=\"5020\" src=\"http:\/\/www.amisdebudange.fr\/wordpress\/wp-content\/uploads\/2016\/07\/recto-1.jpg\" class=\"attachment-full size-full\" alt=\"\" srcset=\"http:\/\/www.amisdebudange.fr\/wordpress\/wp-content\/uploads\/2016\/07\/recto-1.jpg 3568w, http:\/\/www.amisdebudange.fr\/wordpress\/wp-content\/uploads\/2016\/07\/recto-1-107x150.jpg 107w, http:\/\/www.amisdebudange.fr\/wordpress\/wp-content\/uploads\/2016\/07\/recto-1-213x300.jpg 213w, http:\/\/www.amisdebudange.fr\/wordpress\/wp-content\/uploads\/2016\/07\/recto-1-768x1081.jpg 768w, http:\/\/www.amisdebudange.fr\/wordpress\/wp-content\/uploads\/2016\/07\/recto-1-728x1024.jpg 728w, http:\/\/www.amisdebudange.fr\/wordpress\/wp-content\/uploads\/2016\/07\/recto-1-600x844.jpg 600w\" sizes=\"auto, (max-width: 3568px) 100vw, 3568px\" \/><\/a>\n\t\t\t<\/dt><\/dl><dl class='gallery-item'>\n\t\t\t<dt class='gallery-icon portrait'>\n\t\t\t\t<a href='http:\/\/www.amisdebudange.fr\/wordpress\/wp-content\/uploads\/2016\/07\/verso.jpg' title=\"\" data-rl_title=\"\" class=\"rl-gallery-link\" data-rl_caption=\"\" data-rel=\"lightbox-gallery-1\"><img loading=\"lazy\" decoding=\"async\" width=\"1754\" height=\"2480\" src=\"http:\/\/www.amisdebudange.fr\/wordpress\/wp-content\/uploads\/2016\/07\/verso.jpg\" class=\"attachment-full size-full\" alt=\"\" srcset=\"http:\/\/www.amisdebudange.fr\/wordpress\/wp-content\/uploads\/2016\/07\/verso.jpg 1754w, http:\/\/www.amisdebudange.fr\/wordpress\/wp-content\/uploads\/2016\/07\/verso-106x150.jpg 106w, http:\/\/www.amisdebudange.fr\/wordpress\/wp-content\/uploads\/2016\/07\/verso-212x300.jpg 212w, http:\/\/www.amisdebudange.fr\/wordpress\/wp-content\/uploads\/2016\/07\/verso-768x1086.jpg 768w, http:\/\/www.amisdebudange.fr\/wordpress\/wp-content\/uploads\/2016\/07\/verso-724x1024.jpg 724w, http:\/\/www.amisdebudange.fr\/wordpress\/wp-content\/uploads\/2016\/07\/verso-600x848.jpg 600w\" sizes=\"auto, (max-width: 1754px) 100vw, 1754px\" \/><\/a>\n\t\t\t<\/dt><\/dl>\n\t\t\t<br style='clear: both' \/>\n\t\t<\/div>\n\n","protected":false},"excerpt":{"rendered":"<p>Cette ann\u00e9e encore, dernier week-end de juillet est synonyme de f\u00eate \u00e0 Budange. L\u2019association vous invite pour sa traditionnelle f\u00eate patronale : la Sainte-Anne. Nouveaut\u00e9 de 2016, nous vous proposons un GRAND LOTO avec&#46;&#46;&#46;<\/p>\n","protected":false},"author":1,"featured_media":1760,"comment_status":"closed","ping_status":"closed","sticky":false,"template":"","format":"standard","meta":{"ngg_post_thumbnail":0,"footnotes":""},"categories":[3],"tags":[],"class_list":["post-1758","post","type-post","status-publish","format-standard","has-post-thumbnail","hentry","category-evenements"],"_links":{"self":[{"href":"http:\/\/www.amisdebudange.fr\/wordpress\/wp-json\/wp\/v2\/posts\/1758","targetHints":{"allow":["GET"]}}],"collection":[{"href":"http:\/\/www.amisdebudange.fr\/wordpress\/wp-json\/wp\/v2\/posts"}],"about":[{"href":"http:\/\/www.amisdebudange.fr\/wordpress\/wp-json\/wp\/v2\/types\/post"}],"author":[{"embeddable":true,"href":"http:\/\/www.amisdebudange.fr\/wordpress\/wp-json\/wp\/v2\/users\/1"}],"replies":[{"embeddable":true,"href":"http:\/\/www.amisdebudange.fr\/wordpress\/wp-json\/wp\/v2\/comments?post=1758"}],"version-history":[{"count":3,"href":"http:\/\/www.amisdebudange.fr\/wordpress\/wp-json\/wp\/v2\/posts\/1758\/revisions"}],"predecessor-version":[{"id":1975,"href":"http:\/\/www.amisdebudange.fr\/wordpress\/wp-json\/wp\/v2\/posts\/1758\/revisions\/1975"}],"wp:featuredmedia":[{"embeddable":true,"href":"http:\/\/www.amisdebudange.fr\/wordpress\/wp-json\/wp\/v2\/media\/1760"}],"wp:attachment":[{"href":"http:\/\/www.amisdebudange.fr\/wordpress\/wp-json\/wp\/v2\/media?parent=1758"}],"wp:term":[{"taxonomy":"category","embeddable":true,"href":"http:\/\/www.amisdebudange.fr\/wordpress\/wp-json\/wp\/v2\/categories?post=1758"},{"taxonomy":"post_tag","embeddable":true,"href":"http:\/\/www.amisdebudange.fr\/wordpress\/wp-json\/wp\/v2\/tags?post=1758"}],"curies":[{"name":"wp","href":"https:\/\/api.w.org\/{rel}","templated":true}]}}