{"id":1769,"date":"2016-09-14T13:14:16","date_gmt":"2016-09-14T11:14:16","guid":{"rendered":"http:\/\/www.amisdebudange.fr\/wordpress\/?p=1769"},"modified":"2020-02-04T13:33:52","modified_gmt":"2020-02-04T12:33:52","slug":"fete-de-la-biere-2016","status":"publish","type":"post","link":"http:\/\/www.amisdebudange.fr\/wordpress\/2016\/09\/14\/fete-de-la-biere-2016\/","title":{"rendered":"F\u00eate de la Bi\u00e8re &#8211; 2016"},"content":{"rendered":"<p>Pour la premi\u00e8re fois, l\u2019association organise une f\u00eate de la bi\u00e8re le samedi 1er octobre \u00e0 partir de 19h30 \u00e0 la salle Victor Hugo. Venez d\u00e9guster des bi\u00e8res locales autour d\u2019une bonne choucroute. Ambiance garantie avec la pr\u00e9sence d\u2019un orchestre et de nombreuses animations pendant la soir\u00e9e. Une r\u00e9servation est indispensable : vous trouverez ci-dessous le formulaire d&rsquo;inscription avec toutes les modalit\u00e9s.<br \/>\n<!--more--><\/p>\n<div style=\"text-align:center;font-weight:bold\">\n<a href=\"http:\/\/www.amisdebudange.fr\/wordpress\/wp-content\/uploads\/2016\/09\/formulaire.pdf\"><br \/>\n<img loading=\"lazy\" decoding=\"async\" src=\"http:\/\/www.amisdebudange.fr\/wordpress\/wp-content\/uploads\/2016\/09\/formulaire-212x300.png\" alt=\"formulaire\" width=\"212\" height=\"300\" class=\"alignnone size-medium wp-image-1773\" srcset=\"http:\/\/www.amisdebudange.fr\/wordpress\/wp-content\/uploads\/2016\/09\/formulaire-212x300.png 212w, http:\/\/www.amisdebudange.fr\/wordpress\/wp-content\/uploads\/2016\/09\/formulaire-106x150.png 106w, http:\/\/www.amisdebudange.fr\/wordpress\/wp-content\/uploads\/2016\/09\/formulaire.png 724w, http:\/\/www.amisdebudange.fr\/wordpress\/wp-content\/uploads\/2016\/09\/formulaire-600x849.png 600w\" sizes=\"auto, (max-width: 212px) 100vw, 212px\" \/><br \/>\nCliquer ici pour t\u00e9l\u00e9charger le formulaire d&rsquo;inscription<\/a><\/div>\n","protected":false},"excerpt":{"rendered":"<p>Pour la premi\u00e8re fois, l\u2019association organise une f\u00eate de la bi\u00e8re le samedi 1er octobre \u00e0 partir de 19h30 \u00e0 la salle Victor Hugo. Venez d\u00e9guster des bi\u00e8res locales autour d\u2019une bonne choucroute. Ambiance&#46;&#46;&#46;<\/p>\n","protected":false},"author":1,"featured_media":1770,"comment_status":"closed","ping_status":"closed","sticky":false,"template":"","format":"standard","meta":{"ngg_post_thumbnail":0,"footnotes":""},"categories":[3],"tags":[],"class_list":["post-1769","post","type-post","status-publish","format-standard","has-post-thumbnail","hentry","category-evenements"],"_links":{"self":[{"href":"http:\/\/www.amisdebudange.fr\/wordpress\/wp-json\/wp\/v2\/posts\/1769","targetHints":{"allow":["GET"]}}],"collection":[{"href":"http:\/\/www.amisdebudange.fr\/wordpress\/wp-json\/wp\/v2\/posts"}],"about":[{"href":"http:\/\/www.amisdebudange.fr\/wordpress\/wp-json\/wp\/v2\/types\/post"}],"author":[{"embeddable":true,"href":"http:\/\/www.amisdebudange.fr\/wordpress\/wp-json\/wp\/v2\/users\/1"}],"replies":[{"embeddable":true,"href":"http:\/\/www.amisdebudange.fr\/wordpress\/wp-json\/wp\/v2\/comments?post=1769"}],"version-history":[{"count":6,"href":"http:\/\/www.amisdebudange.fr\/wordpress\/wp-json\/wp\/v2\/posts\/1769\/revisions"}],"predecessor-version":[{"id":1973,"href":"http:\/\/www.amisdebudange.fr\/wordpress\/wp-json\/wp\/v2\/posts\/1769\/revisions\/1973"}],"wp:featuredmedia":[{"embeddable":true,"href":"http:\/\/www.amisdebudange.fr\/wordpress\/wp-json\/wp\/v2\/media\/1770"}],"wp:attachment":[{"href":"http:\/\/www.amisdebudange.fr\/wordpress\/wp-json\/wp\/v2\/media?parent=1769"}],"wp:term":[{"taxonomy":"category","embeddable":true,"href":"http:\/\/www.amisdebudange.fr\/wordpress\/wp-json\/wp\/v2\/categories?post=1769"},{"taxonomy":"post_tag","embeddable":true,"href":"http:\/\/www.amisdebudange.fr\/wordpress\/wp-json\/wp\/v2\/tags?post=1769"}],"curies":[{"name":"wp","href":"https:\/\/api.w.org\/{rel}","templated":true}]}}