{"id":1849,"date":"2018-07-21T18:02:19","date_gmt":"2018-07-21T16:02:19","guid":{"rendered":"http:\/\/www.amisdebudange.fr\/wordpress\/?p=1849"},"modified":"2020-02-04T13:30:47","modified_gmt":"2020-02-04T12:30:47","slug":"fete-de-budange-2018","status":"publish","type":"post","link":"http:\/\/www.amisdebudange.fr\/wordpress\/2018\/07\/21\/fete-de-budange-2018\/","title":{"rendered":"F\u00eate de Budange &#8211; 2018"},"content":{"rendered":"<p>En ces moments de fiert\u00e9 et de coh\u00e9sion nationale, les Amis de Budange vous proposent de prolonger les festivit\u00e9s les samedi 28 et dimanche 29 juillet. Pour notre traditionnelle f\u00eate patronale, venez d\u00e9guster un succulent jambon \u00e0 la broche et profiter d&rsquo;un magnifique feu d&rsquo;artifice (samedi).<\/p>\n<p>Pas de loto le dimanche cette ann\u00e9e mais des shows et initiations de danse ! 4 groupes se succ\u00e9deront toute l&rsquo;apr\u00e8s-midi pour assurer l&rsquo;ambiance. Il y en aura pour tous les go\u00fbts : zumba, danse africaine, capoeira et country.<\/p>\n<p><!--more--><\/p>\n<p><strong>Programme du week-end :<\/strong><\/p>\n<p><strong>Samedi 28 juillet au soir<\/strong><\/p>\n<ul>\n<li>Ouverture de la f\u00eate au public d\u00e8s 18h.<\/li>\n<li>Le ciel de Budange s\u2019embrase \u00e0 23h avec magnifique feu d\u2019artifice (r\u00e9alis\u00e9 par notre partenaire : la soci\u00e9t\u00e9 Embrasia)<\/li>\n<li>Fin de soir\u00e9e : blind test \u266b.<\/li>\n<\/ul>\n<p><strong>Dimanche 29 juillet<\/strong><\/p>\n<ul>\n<li>Messe \u00e0 la chapelle \u00e0 10h avec une vente de pain \u00e0 la sortie.<\/li>\n<li>Rendez-vous sur le terrain de foot d\u00e8s 11h. Comme tous les ans, l\u2019association offre le premier verre de kir. Des pains traditionnels seront mis en vente.<\/li>\n<li>Danse \u00e0 14h avec les groupes : Zumba Bena, Abada Capoeira, Guin\u00e9e Far\u00e9 (danse africaine) et Honky Tonk Dancer&rsquo;s (country).<\/li>\n<\/ul>\n<p><strong>Tout au long du week-end<\/strong><br \/>\nForains, Restauration sous chapiteau (JAMBON \u00c0 LA BROCHE), orchestre les Danc\u2019Sing, soir\u00e9es dansantes\u2026<\/p>\n<p>Pour plus de confort, vous pouvez r\u00e9server votre table par Email (amisdebudange@gmail.com) ou par message priv\u00e9 Facebook. Veillez \u00e0 indiquer le nom de la r\u00e9servation, le nombre de personne et l&rsquo;heure. Pour des raisons d&rsquo;organisation la table est bloqu\u00e9e qu&rsquo;une demi-heure. Pass\u00e9 ce d\u00e9lai et en votre absence, elle sera alors consid\u00e9r\u00e9e comme libre.<\/p>\n<p><a href=\"https:\/\/www.facebook.com\/events\/288321011914747\/\">Ev\u00e9nement Facebook<\/a><\/p>\n\n\t\t<style>\n\t\t\t#gallery-1 {\n\t\t\t\tmargin: auto;\n\t\t\t}\n\t\t\t#gallery-1 .gallery-item {\n\t\t\t\tfloat: left;\n\t\t\t\tmargin-top: 10px;\n\t\t\t\ttext-align: center;\n\t\t\t\twidth: 33%;\n\t\t\t}\n\t\t\t#gallery-1 img {\n\t\t\t\tborder: 2px solid #cfcfcf;\n\t\t\t}\n\t\t\t#gallery-1 .gallery-caption {\n\t\t\t\tmargin-left: 0;\n\t\t\t}\n\t\t\t\/* see gallery_shortcode() in wp-includes\/media.php *\/\n\t\t<\/style>\n\t\t<div id='gallery-1' class='gallery galleryid-1849 gallery-columns-3 gallery-size-full'><dl class='gallery-item'>\n\t\t\t<dt class='gallery-icon portrait'>\n\t\t\t\t<a href='http:\/\/www.amisdebudange.fr\/wordpress\/wp-content\/uploads\/2018\/07\/recto-web.png' title=\"\" data-rl_title=\"\" class=\"rl-gallery-link\" data-rl_caption=\"\" data-rel=\"lightbox-gallery-1\"><img loading=\"lazy\" decoding=\"async\" width=\"728\" height=\"1024\" src=\"http:\/\/www.amisdebudange.fr\/wordpress\/wp-content\/uploads\/2018\/07\/recto-web.png\" class=\"attachment-full size-full\" alt=\"\" srcset=\"http:\/\/www.amisdebudange.fr\/wordpress\/wp-content\/uploads\/2018\/07\/recto-web.png 728w, http:\/\/www.amisdebudange.fr\/wordpress\/wp-content\/uploads\/2018\/07\/recto-web-107x150.png 107w, http:\/\/www.amisdebudange.fr\/wordpress\/wp-content\/uploads\/2018\/07\/recto-web-213x300.png 213w, http:\/\/www.amisdebudange.fr\/wordpress\/wp-content\/uploads\/2018\/07\/recto-web-600x844.png 600w\" sizes=\"auto, (max-width: 728px) 100vw, 728px\" \/><\/a>\n\t\t\t<\/dt><\/dl><dl class='gallery-item'>\n\t\t\t<dt class='gallery-icon portrait'>\n\t\t\t\t<a href='http:\/\/www.amisdebudange.fr\/wordpress\/wp-content\/uploads\/2018\/07\/verso-web.png' title=\"\" data-rl_title=\"\" class=\"rl-gallery-link\" data-rl_caption=\"\" data-rel=\"lightbox-gallery-1\"><img loading=\"lazy\" decoding=\"async\" width=\"728\" height=\"1024\" src=\"http:\/\/www.amisdebudange.fr\/wordpress\/wp-content\/uploads\/2018\/07\/verso-web.png\" class=\"attachment-full size-full\" alt=\"\" srcset=\"http:\/\/www.amisdebudange.fr\/wordpress\/wp-content\/uploads\/2018\/07\/verso-web.png 728w, http:\/\/www.amisdebudange.fr\/wordpress\/wp-content\/uploads\/2018\/07\/verso-web-107x150.png 107w, http:\/\/www.amisdebudange.fr\/wordpress\/wp-content\/uploads\/2018\/07\/verso-web-213x300.png 213w, http:\/\/www.amisdebudange.fr\/wordpress\/wp-content\/uploads\/2018\/07\/verso-web-600x844.png 600w\" sizes=\"auto, (max-width: 728px) 100vw, 728px\" \/><\/a>\n\t\t\t<\/dt><\/dl>\n\t\t\t<br style='clear: both' \/>\n\t\t<\/div>\n\n","protected":false},"excerpt":{"rendered":"<p>En ces moments de fiert\u00e9 et de coh\u00e9sion nationale, les Amis de Budange vous proposent de prolonger les festivit\u00e9s les samedi 28 et dimanche 29 juillet. Pour notre traditionnelle f\u00eate patronale, venez d\u00e9guster un&#46;&#46;&#46;<\/p>\n","protected":false},"author":1,"featured_media":1850,"comment_status":"closed","ping_status":"closed","sticky":false,"template":"","format":"standard","meta":{"ngg_post_thumbnail":0,"footnotes":""},"categories":[3],"tags":[],"class_list":["post-1849","post","type-post","status-publish","format-standard","has-post-thumbnail","hentry","category-evenements"],"_links":{"self":[{"href":"http:\/\/www.amisdebudange.fr\/wordpress\/wp-json\/wp\/v2\/posts\/1849","targetHints":{"allow":["GET"]}}],"collection":[{"href":"http:\/\/www.amisdebudange.fr\/wordpress\/wp-json\/wp\/v2\/posts"}],"about":[{"href":"http:\/\/www.amisdebudange.fr\/wordpress\/wp-json\/wp\/v2\/types\/post"}],"author":[{"embeddable":true,"href":"http:\/\/www.amisdebudange.fr\/wordpress\/wp-json\/wp\/v2\/users\/1"}],"replies":[{"embeddable":true,"href":"http:\/\/www.amisdebudange.fr\/wordpress\/wp-json\/wp\/v2\/comments?post=1849"}],"version-history":[{"count":2,"href":"http:\/\/www.amisdebudange.fr\/wordpress\/wp-json\/wp\/v2\/posts\/1849\/revisions"}],"predecessor-version":[{"id":1958,"href":"http:\/\/www.amisdebudange.fr\/wordpress\/wp-json\/wp\/v2\/posts\/1849\/revisions\/1958"}],"wp:featuredmedia":[{"embeddable":true,"href":"http:\/\/www.amisdebudange.fr\/wordpress\/wp-json\/wp\/v2\/media\/1850"}],"wp:attachment":[{"href":"http:\/\/www.amisdebudange.fr\/wordpress\/wp-json\/wp\/v2\/media?parent=1849"}],"wp:term":[{"taxonomy":"category","embeddable":true,"href":"http:\/\/www.amisdebudange.fr\/wordpress\/wp-json\/wp\/v2\/categories?post=1849"},{"taxonomy":"post_tag","embeddable":true,"href":"http:\/\/www.amisdebudange.fr\/wordpress\/wp-json\/wp\/v2\/tags?post=1849"}],"curies":[{"name":"wp","href":"https:\/\/api.w.org\/{rel}","templated":true}]}}