{"id":1857,"date":"2018-09-14T21:04:55","date_gmt":"2018-09-14T19:04:55","guid":{"rendered":"http:\/\/www.amisdebudange.fr\/wordpress\/?p=1857"},"modified":"2020-02-04T13:29:39","modified_gmt":"2020-02-04T12:29:39","slug":"exposition-le-grand-tournant-des-annees-45-65-a-fameck","status":"publish","type":"post","link":"http:\/\/www.amisdebudange.fr\/wordpress\/2018\/09\/14\/exposition-le-grand-tournant-des-annees-45-65-a-fameck\/","title":{"rendered":"Exposition :  Le grand tournant des ann\u00e9es 45-65 \u00e0 Fameck"},"content":{"rendered":"<p>Venez nombreux voir l&rsquo;exposition r\u00e9alis\u00e9e par un groupe de b\u00e9n\u00e9voles de l&rsquo;Association en partenariat avec la Mairie de Fameck et la galerie d&rsquo;exposition Claude Watrin du centre Jean Morette.<br \/>\nIntitul\u00e9e : Le grand tournant des ann\u00e9es 45-65 \u00e0 Fameck, elle a pour sous-titre : \u00a0\u00bb Dis, Mamie, c&rsquo;\u00e9tait comment Fameck quand tu \u00e9tais petite \u00ab\u00a0.<\/p>\n<p><!--more--><\/p>\n<p>Elle permet au grand public de d\u00e9couvrir la ville \u00e0 cette \u00e9poque mais aussi par les nombreux objets du quotidien du d\u00e9but des grandes glorieuses, de comprendre comment on vivait dans ces ann\u00e9es-l\u00e0.<br \/>\nC&rsquo;est une exposition grand public o\u00f9 adultes et enfants \u00e0 partir de cinq ans pourront y apprendre quelque chose de leur jeunesse ou de la vie de leurs parents et grands-parents.<\/p>\n<p>Ouverte exceptionnellement pour les Journ\u00e9es du Patrimoine les samedi 15 et dimanche 16 septembre 2018 de 15h30 \u00e0 17h30.<\/p>\n<p>En semaine, vous pourrez venir aux heures habituelles d&rsquo;ouverture de la Galerie jusqu&rsquo;au jeudi 27 septembre inclus.<\/p>\n<p>Ferm\u00e9e les lundis, elle est ouverte en visite libre \u00e0 tout public du mardi au vendredi inclus de 9h \u00e0 11h30 et de 14 \u00e0 17h, sauf le vendredi o\u00f9 elle ferme d\u00e8s 15h30.<\/p>\n\n\t\t<style>\n\t\t\t#gallery-1 {\n\t\t\t\tmargin: auto;\n\t\t\t}\n\t\t\t#gallery-1 .gallery-item {\n\t\t\t\tfloat: left;\n\t\t\t\tmargin-top: 10px;\n\t\t\t\ttext-align: center;\n\t\t\t\twidth: 33%;\n\t\t\t}\n\t\t\t#gallery-1 img {\n\t\t\t\tborder: 2px solid #cfcfcf;\n\t\t\t}\n\t\t\t#gallery-1 .gallery-caption {\n\t\t\t\tmargin-left: 0;\n\t\t\t}\n\t\t\t\/* see gallery_shortcode() in wp-includes\/media.php *\/\n\t\t<\/style>\n\t\t<div id='gallery-1' class='gallery galleryid-1857 gallery-columns-3 gallery-size-full'><dl class='gallery-item'>\n\t\t\t<dt class='gallery-icon portrait'>\n\t\t\t\t<a href='http:\/\/www.amisdebudange.fr\/wordpress\/wp-content\/uploads\/2018\/09\/tract.png' title=\"\" data-rl_title=\"\" class=\"rl-gallery-link\" data-rl_caption=\"\" data-rel=\"lightbox-gallery-1\"><img loading=\"lazy\" decoding=\"async\" width=\"432\" height=\"612\" src=\"http:\/\/www.amisdebudange.fr\/wordpress\/wp-content\/uploads\/2018\/09\/tract.png\" class=\"attachment-full size-full\" alt=\"\" srcset=\"http:\/\/www.amisdebudange.fr\/wordpress\/wp-content\/uploads\/2018\/09\/tract.png 432w, http:\/\/www.amisdebudange.fr\/wordpress\/wp-content\/uploads\/2018\/09\/tract-106x150.png 106w, http:\/\/www.amisdebudange.fr\/wordpress\/wp-content\/uploads\/2018\/09\/tract-212x300.png 212w\" sizes=\"auto, (max-width: 432px) 100vw, 432px\" \/><\/a>\n\t\t\t<\/dt><\/dl>\n\t\t\t<br style='clear: both' \/>\n\t\t<\/div>\n\n","protected":false},"excerpt":{"rendered":"<p>Venez nombreux voir l&rsquo;exposition r\u00e9alis\u00e9e par un groupe de b\u00e9n\u00e9voles de l&rsquo;Association en partenariat avec la Mairie de Fameck et la galerie d&rsquo;exposition Claude Watrin du centre Jean Morette. Intitul\u00e9e : Le grand tournant&#46;&#46;&#46;<\/p>\n","protected":false},"author":1,"featured_media":1858,"comment_status":"closed","ping_status":"closed","sticky":false,"template":"","format":"standard","meta":{"ngg_post_thumbnail":0,"footnotes":""},"categories":[3],"tags":[],"class_list":["post-1857","post","type-post","status-publish","format-standard","has-post-thumbnail","hentry","category-evenements"],"_links":{"self":[{"href":"http:\/\/www.amisdebudange.fr\/wordpress\/wp-json\/wp\/v2\/posts\/1857","targetHints":{"allow":["GET"]}}],"collection":[{"href":"http:\/\/www.amisdebudange.fr\/wordpress\/wp-json\/wp\/v2\/posts"}],"about":[{"href":"http:\/\/www.amisdebudange.fr\/wordpress\/wp-json\/wp\/v2\/types\/post"}],"author":[{"embeddable":true,"href":"http:\/\/www.amisdebudange.fr\/wordpress\/wp-json\/wp\/v2\/users\/1"}],"replies":[{"embeddable":true,"href":"http:\/\/www.amisdebudange.fr\/wordpress\/wp-json\/wp\/v2\/comments?post=1857"}],"version-history":[{"count":3,"href":"http:\/\/www.amisdebudange.fr\/wordpress\/wp-json\/wp\/v2\/posts\/1857\/revisions"}],"predecessor-version":[{"id":1971,"href":"http:\/\/www.amisdebudange.fr\/wordpress\/wp-json\/wp\/v2\/posts\/1857\/revisions\/1971"}],"wp:featuredmedia":[{"embeddable":true,"href":"http:\/\/www.amisdebudange.fr\/wordpress\/wp-json\/wp\/v2\/media\/1858"}],"wp:attachment":[{"href":"http:\/\/www.amisdebudange.fr\/wordpress\/wp-json\/wp\/v2\/media?parent=1857"}],"wp:term":[{"taxonomy":"category","embeddable":true,"href":"http:\/\/www.amisdebudange.fr\/wordpress\/wp-json\/wp\/v2\/categories?post=1857"},{"taxonomy":"post_tag","embeddable":true,"href":"http:\/\/www.amisdebudange.fr\/wordpress\/wp-json\/wp\/v2\/tags?post=1857"}],"curies":[{"name":"wp","href":"https:\/\/api.w.org\/{rel}","templated":true}]}}