{"id":1867,"date":"2019-01-27T11:39:23","date_gmt":"2019-01-27T10:39:23","guid":{"rendered":"http:\/\/www.amisdebudange.fr\/wordpress\/?p=1867"},"modified":"2020-02-04T13:29:15","modified_gmt":"2020-02-04T12:29:15","slug":"amenagement-des-abords-de-la-chapelle-sainte-anne-de-budange","status":"publish","type":"post","link":"http:\/\/www.amisdebudange.fr\/wordpress\/2019\/01\/27\/amenagement-des-abords-de-la-chapelle-sainte-anne-de-budange\/","title":{"rendered":"Am\u00e9nagement des abords de la chapelle Sainte-Anne de Budange."},"content":{"rendered":"<p><strong>Premier acte : plantation d\u2019arbustes en bordure du chemin, c\u00f4t\u00e9 bancs de bois.<\/strong><\/p>\n<p>Les Amis de Budange participent \u00e0 un projet d\u2019am\u00e9nagement des abords de la chapelle Sainte-Anne avec la LPO ( Ligue protectrice des oiseaux ) et la Mairie de Fameck. Le premier acte s\u2019est d\u00e9roul\u00e9 en date du 27 novembre 2018.<br \/>\n<!--more--><\/p>\n<p>Cette plantation d\u2019arbustes  a \u00e9t\u00e9 r\u00e9alis\u00e9e par une classe de 19 CM1 de l\u2019\u00e9cole Pasteur aid\u00e9s de membres de la LPO. Les arbustes ont \u00e9t\u00e9 financ\u00e9s par la LPO, repr\u00e9sent\u00e9e par M. Debrycke. Celui-ci  a fait aux enfants un expos\u00e9 sur la protection des oiseaux de notre r\u00e9gion.<\/p>\n<p>\u00c9taient pr\u00e9sents des repr\u00e9sentants de la LPO, de la Mairie : notamment Pascal Eberhard et des membres  des Amis de Budange. Le correspondant du R\u00e9publicain Lorrain de Florange a pris une photo de l\u2019\u00e9v\u00e9nement ;  M. Bertrand Zimmer, journaliste, reporter d\u2019images et r\u00e9alisateur, \u00e9tait   charg\u00e9 par la Mairie de filmer ce moment. Philippe Fourgon, emp\u00each\u00e9, a \u00e9t\u00e9 excus\u00e9 par Fran\u00e7oise Robert, secr\u00e9taire de l\u2019association, qui l\u2019a remplac\u00e9  avec Joseph Giannangeli, tr\u00e9sorier : ils ont offert aux enfants des brioches et du  chocolat chaud, appr\u00e9ci\u00e9 par cette journ\u00e9e pluvieuse. Puis Fran\u00e7oise Robert a fait visiter aux \u00e9coliers la chapelle Sainte-Anne que beaucoup ne connaissaient pas.<\/p>\n<p>Les Amis de Budange travaillent avec la mairie et la LPO \u00e0 la mise en place de panneaux sur la chapelle, l\u2019avifaune et les vergers budangeois. Ce projet devrait se concr\u00e9tiser cet \u00e9t\u00e9. Affaire \u00e0 suivre\u2026<\/p>\n\n\t\t<style>\n\t\t\t#gallery-1 {\n\t\t\t\tmargin: auto;\n\t\t\t}\n\t\t\t#gallery-1 .gallery-item {\n\t\t\t\tfloat: left;\n\t\t\t\tmargin-top: 10px;\n\t\t\t\ttext-align: center;\n\t\t\t\twidth: 33%;\n\t\t\t}\n\t\t\t#gallery-1 img {\n\t\t\t\tborder: 2px solid #cfcfcf;\n\t\t\t}\n\t\t\t#gallery-1 .gallery-caption {\n\t\t\t\tmargin-left: 0;\n\t\t\t}\n\t\t\t\/* see gallery_shortcode() in wp-includes\/media.php *\/\n\t\t<\/style>\n\t\t<div id='gallery-1' class='gallery galleryid-1867 gallery-columns-3 gallery-size-full'><dl class='gallery-item'>\n\t\t\t<dt class='gallery-icon landscape'>\n\t\t\t\t<a href='http:\/\/www.amisdebudange.fr\/wordpress\/wp-content\/uploads\/2019\/01\/IMG_0007.jpg' title=\"\" data-rl_title=\"\" class=\"rl-gallery-link\" data-rl_caption=\"\" data-rel=\"lightbox-gallery-1\"><img loading=\"lazy\" decoding=\"async\" width=\"4000\" height=\"2664\" src=\"http:\/\/www.amisdebudange.fr\/wordpress\/wp-content\/uploads\/2019\/01\/IMG_0007.jpg\" class=\"attachment-full size-full\" alt=\"\" aria-describedby=\"gallery-1-1869\" srcset=\"http:\/\/www.amisdebudange.fr\/wordpress\/wp-content\/uploads\/2019\/01\/IMG_0007.jpg 4000w, http:\/\/www.amisdebudange.fr\/wordpress\/wp-content\/uploads\/2019\/01\/IMG_0007-150x100.jpg 150w, http:\/\/www.amisdebudange.fr\/wordpress\/wp-content\/uploads\/2019\/01\/IMG_0007-300x200.jpg 300w, http:\/\/www.amisdebudange.fr\/wordpress\/wp-content\/uploads\/2019\/01\/IMG_0007-768x511.jpg 768w, http:\/\/www.amisdebudange.fr\/wordpress\/wp-content\/uploads\/2019\/01\/IMG_0007-1024x682.jpg 1024w, http:\/\/www.amisdebudange.fr\/wordpress\/wp-content\/uploads\/2019\/01\/IMG_0007-600x400.jpg 600w\" sizes=\"auto, (max-width: 4000px) 100vw, 4000px\" \/><\/a>\n\t\t\t<\/dt>\n\t\t\t\t<dd class='wp-caption-text gallery-caption' id='gallery-1-1869'>\n\t\t\t\tInformations  sur l&rsquo;avifaune donn\u00e9es par M. debrycke de la LPO\n\t\t\t\t<\/dd><\/dl><dl class='gallery-item'>\n\t\t\t<dt class='gallery-icon portrait'>\n\t\t\t\t<a href='http:\/\/www.amisdebudange.fr\/wordpress\/wp-content\/uploads\/2019\/01\/IMG_0012-e1548585215583.jpg' title=\"\" data-rl_title=\"\" class=\"rl-gallery-link\" data-rl_caption=\"\" data-rel=\"lightbox-gallery-1\"><img loading=\"lazy\" decoding=\"async\" width=\"2664\" height=\"4000\" src=\"http:\/\/www.amisdebudange.fr\/wordpress\/wp-content\/uploads\/2019\/01\/IMG_0012-e1548585215583.jpg\" class=\"attachment-full size-full\" alt=\"\" aria-describedby=\"gallery-1-1870\" srcset=\"http:\/\/www.amisdebudange.fr\/wordpress\/wp-content\/uploads\/2019\/01\/IMG_0012-e1548585215583.jpg 2664w, http:\/\/www.amisdebudange.fr\/wordpress\/wp-content\/uploads\/2019\/01\/IMG_0012-e1548585215583-100x150.jpg 100w, http:\/\/www.amisdebudange.fr\/wordpress\/wp-content\/uploads\/2019\/01\/IMG_0012-e1548585215583-200x300.jpg 200w, http:\/\/www.amisdebudange.fr\/wordpress\/wp-content\/uploads\/2019\/01\/IMG_0012-e1548585215583-768x1153.jpg 768w, http:\/\/www.amisdebudange.fr\/wordpress\/wp-content\/uploads\/2019\/01\/IMG_0012-e1548585215583-682x1024.jpg 682w, http:\/\/www.amisdebudange.fr\/wordpress\/wp-content\/uploads\/2019\/01\/IMG_0012-e1548585215583-600x901.jpg 600w\" sizes=\"auto, (max-width: 2664px) 100vw, 2664px\" \/><\/a>\n\t\t\t<\/dt>\n\t\t\t\t<dd class='wp-caption-text gallery-caption' id='gallery-1-1870'>\n\t\t\t\tOn travaille avec le sourire et sans se salir&#8230;\n\t\t\t\t<\/dd><\/dl><dl class='gallery-item'>\n\t\t\t<dt class='gallery-icon landscape'>\n\t\t\t\t<a href='http:\/\/www.amisdebudange.fr\/wordpress\/wp-content\/uploads\/2019\/01\/IMG_0020.jpg' title=\"\" data-rl_title=\"\" class=\"rl-gallery-link\" data-rl_caption=\"\" data-rel=\"lightbox-gallery-1\"><img loading=\"lazy\" decoding=\"async\" width=\"4000\" height=\"2664\" src=\"http:\/\/www.amisdebudange.fr\/wordpress\/wp-content\/uploads\/2019\/01\/IMG_0020.jpg\" class=\"attachment-full size-full\" alt=\"\" aria-describedby=\"gallery-1-1871\" srcset=\"http:\/\/www.amisdebudange.fr\/wordpress\/wp-content\/uploads\/2019\/01\/IMG_0020.jpg 4000w, http:\/\/www.amisdebudange.fr\/wordpress\/wp-content\/uploads\/2019\/01\/IMG_0020-150x100.jpg 150w, http:\/\/www.amisdebudange.fr\/wordpress\/wp-content\/uploads\/2019\/01\/IMG_0020-300x200.jpg 300w, http:\/\/www.amisdebudange.fr\/wordpress\/wp-content\/uploads\/2019\/01\/IMG_0020-768x511.jpg 768w, http:\/\/www.amisdebudange.fr\/wordpress\/wp-content\/uploads\/2019\/01\/IMG_0020-1024x682.jpg 1024w, http:\/\/www.amisdebudange.fr\/wordpress\/wp-content\/uploads\/2019\/01\/IMG_0020-600x400.jpg 600w\" sizes=\"auto, (max-width: 4000px) 100vw, 4000px\" \/><\/a>\n\t\t\t<\/dt>\n\t\t\t\t<dd class='wp-caption-text gallery-caption' id='gallery-1-1871'>\n\t\t\t\tSous la surveillance du ma\u00eetre.\n\t\t\t\t<\/dd><\/dl><br style=\"clear: both\" \/><dl class='gallery-item'>\n\t\t\t<dt class='gallery-icon landscape'>\n\t\t\t\t<a href='http:\/\/www.amisdebudange.fr\/wordpress\/wp-content\/uploads\/2019\/01\/IMG_0021.jpg' title=\"\" data-rl_title=\"\" class=\"rl-gallery-link\" data-rl_caption=\"\" data-rel=\"lightbox-gallery-1\"><img loading=\"lazy\" decoding=\"async\" width=\"4000\" height=\"2664\" src=\"http:\/\/www.amisdebudange.fr\/wordpress\/wp-content\/uploads\/2019\/01\/IMG_0021.jpg\" class=\"attachment-full size-full\" alt=\"\" aria-describedby=\"gallery-1-1872\" srcset=\"http:\/\/www.amisdebudange.fr\/wordpress\/wp-content\/uploads\/2019\/01\/IMG_0021.jpg 4000w, http:\/\/www.amisdebudange.fr\/wordpress\/wp-content\/uploads\/2019\/01\/IMG_0021-150x100.jpg 150w, http:\/\/www.amisdebudange.fr\/wordpress\/wp-content\/uploads\/2019\/01\/IMG_0021-300x200.jpg 300w, http:\/\/www.amisdebudange.fr\/wordpress\/wp-content\/uploads\/2019\/01\/IMG_0021-768x511.jpg 768w, http:\/\/www.amisdebudange.fr\/wordpress\/wp-content\/uploads\/2019\/01\/IMG_0021-1024x682.jpg 1024w, http:\/\/www.amisdebudange.fr\/wordpress\/wp-content\/uploads\/2019\/01\/IMG_0021-600x400.jpg 600w\" sizes=\"auto, (max-width: 4000px) 100vw, 4000px\" \/><\/a>\n\t\t\t<\/dt>\n\t\t\t\t<dd class='wp-caption-text gallery-caption' id='gallery-1-1872'>\n\t\t\t\tL&rsquo;art de tasser la terre.\n\t\t\t\t<\/dd><\/dl><dl class='gallery-item'>\n\t\t\t<dt class='gallery-icon portrait'>\n\t\t\t\t<a href='http:\/\/www.amisdebudange.fr\/wordpress\/wp-content\/uploads\/2019\/01\/IMG_0024-e1548585242759.jpg' title=\"\" data-rl_title=\"\" class=\"rl-gallery-link\" data-rl_caption=\"\" data-rel=\"lightbox-gallery-1\"><img loading=\"lazy\" decoding=\"async\" width=\"2664\" height=\"4000\" src=\"http:\/\/www.amisdebudange.fr\/wordpress\/wp-content\/uploads\/2019\/01\/IMG_0024-e1548585242759.jpg\" class=\"attachment-full size-full\" alt=\"\" aria-describedby=\"gallery-1-1873\" srcset=\"http:\/\/www.amisdebudange.fr\/wordpress\/wp-content\/uploads\/2019\/01\/IMG_0024-e1548585242759.jpg 2664w, http:\/\/www.amisdebudange.fr\/wordpress\/wp-content\/uploads\/2019\/01\/IMG_0024-e1548585242759-100x150.jpg 100w, http:\/\/www.amisdebudange.fr\/wordpress\/wp-content\/uploads\/2019\/01\/IMG_0024-e1548585242759-200x300.jpg 200w, http:\/\/www.amisdebudange.fr\/wordpress\/wp-content\/uploads\/2019\/01\/IMG_0024-e1548585242759-768x1153.jpg 768w, http:\/\/www.amisdebudange.fr\/wordpress\/wp-content\/uploads\/2019\/01\/IMG_0024-e1548585242759-682x1024.jpg 682w, http:\/\/www.amisdebudange.fr\/wordpress\/wp-content\/uploads\/2019\/01\/IMG_0024-e1548585242759-600x901.jpg 600w\" sizes=\"auto, (max-width: 2664px) 100vw, 2664px\" \/><\/a>\n\t\t\t<\/dt>\n\t\t\t\t<dd class='wp-caption-text gallery-caption' id='gallery-1-1873'>\n\t\t\t\tBeau temps pour les plantations\n\t\t\t\t<\/dd><\/dl>\n\t\t\t<br style='clear: both' \/>\n\t\t<\/div>\n\n","protected":false},"excerpt":{"rendered":"<p>Premier acte : plantation d\u2019arbustes en bordure du chemin, c\u00f4t\u00e9 bancs de bois. Les Amis de Budange participent \u00e0 un projet d\u2019am\u00e9nagement des abords de la chapelle Sainte-Anne avec la LPO ( Ligue protectrice&#46;&#46;&#46;<\/p>\n","protected":false},"author":1,"featured_media":1872,"comment_status":"closed","ping_status":"closed","sticky":false,"template":"","format":"standard","meta":{"ngg_post_thumbnail":0,"footnotes":""},"categories":[3],"tags":[],"class_list":["post-1867","post","type-post","status-publish","format-standard","has-post-thumbnail","hentry","category-evenements"],"_links":{"self":[{"href":"http:\/\/www.amisdebudange.fr\/wordpress\/wp-json\/wp\/v2\/posts\/1867","targetHints":{"allow":["GET"]}}],"collection":[{"href":"http:\/\/www.amisdebudange.fr\/wordpress\/wp-json\/wp\/v2\/posts"}],"about":[{"href":"http:\/\/www.amisdebudange.fr\/wordpress\/wp-json\/wp\/v2\/types\/post"}],"author":[{"embeddable":true,"href":"http:\/\/www.amisdebudange.fr\/wordpress\/wp-json\/wp\/v2\/users\/1"}],"replies":[{"embeddable":true,"href":"http:\/\/www.amisdebudange.fr\/wordpress\/wp-json\/wp\/v2\/comments?post=1867"}],"version-history":[{"count":2,"href":"http:\/\/www.amisdebudange.fr\/wordpress\/wp-json\/wp\/v2\/posts\/1867\/revisions"}],"predecessor-version":[{"id":1875,"href":"http:\/\/www.amisdebudange.fr\/wordpress\/wp-json\/wp\/v2\/posts\/1867\/revisions\/1875"}],"wp:featuredmedia":[{"embeddable":true,"href":"http:\/\/www.amisdebudange.fr\/wordpress\/wp-json\/wp\/v2\/media\/1872"}],"wp:attachment":[{"href":"http:\/\/www.amisdebudange.fr\/wordpress\/wp-json\/wp\/v2\/media?parent=1867"}],"wp:term":[{"taxonomy":"category","embeddable":true,"href":"http:\/\/www.amisdebudange.fr\/wordpress\/wp-json\/wp\/v2\/categories?post=1867"},{"taxonomy":"post_tag","embeddable":true,"href":"http:\/\/www.amisdebudange.fr\/wordpress\/wp-json\/wp\/v2\/tags?post=1867"}],"curies":[{"name":"wp","href":"https:\/\/api.w.org\/{rel}","templated":true}]}}