{"id":331,"date":"2011-08-02T05:00:00","date_gmt":"2011-08-02T05:00:00","guid":{"rendered":"http:\/\/amisdebudange.free.fr\/?p=331"},"modified":"2020-02-04T13:40:59","modified_gmt":"2020-02-04T12:40:59","slug":"republicain-lorrain-la-sainte-anne-attire-la-foule","status":"publish","type":"post","link":"http:\/\/www.amisdebudange.fr\/wordpress\/2011\/08\/02\/republicain-lorrain-la-sainte-anne-attire-la-foule\/","title":{"rendered":"RL : La Sainte-Anne attire la foule"},"content":{"rendered":"<h3><em>FAMECK :<\/em> La Sainte-Anne attire la foule.<\/h3>\n<p><em>publi\u00e9 le 02\/08\/2011<\/em><\/p>\n<p>Mais qu\u2019est-ce qui fait courir le monde \u00e0 la f\u00eate de Sainte-Anne ? Ce n\u2019est en tout cas pas le soleil. Ce week-end, il a plut\u00f4t brill\u00e9 par son absence mais il \u00e9tait dans les c\u0153urs des Budangeois \u00e0 d\u00e9faut d\u2019\u00eatre dans le ciel. Ce n\u2019est pas la chaleur non plus, on se serait plut\u00f4t cru \u00e0 P\u00e2ques. Alors, qu\u2019est-ce qui fait courir les gens \u00e0 la f\u00eate de Sainte-Anne organis\u00e9e par Les Amis de Budange ? Philippe Fourgon, diacre, dans son hom\u00e9lie, se posait la question. \u00ab La Tradition, l\u2019envie de changer ses habitudes quotidiennes, le go\u00fbt d\u2019une bien sympathique f\u00eate champ\u00eatre \u00bb, telles sont les raisons du succ\u00e8s de la Sainte-Anne.<\/p>\n<p><!--more--><\/p>\n\n\t\t<style>\n\t\t\t#gallery-1 {\n\t\t\t\tmargin: auto;\n\t\t\t}\n\t\t\t#gallery-1 .gallery-item {\n\t\t\t\tfloat: left;\n\t\t\t\tmargin-top: 10px;\n\t\t\t\ttext-align: center;\n\t\t\t\twidth: 33%;\n\t\t\t}\n\t\t\t#gallery-1 img {\n\t\t\t\tborder: 2px solid #cfcfcf;\n\t\t\t}\n\t\t\t#gallery-1 .gallery-caption {\n\t\t\t\tmargin-left: 0;\n\t\t\t}\n\t\t\t\/* see gallery_shortcode() in wp-includes\/media.php *\/\n\t\t<\/style>\n\t\t<div id='gallery-1' class='gallery galleryid-331 gallery-columns-3 gallery-size-thumbnail'><dl class='gallery-item'>\n\t\t\t<dt class='gallery-icon landscape'>\n\t\t\t\t<a href='http:\/\/www.amisdebudange.fr\/wordpress\/wp-content\/uploads\/2013\/06\/la-sainte-anne-attire-la-foule.jpg' title=\"\" data-rl_title=\"\" class=\"rl-gallery-link\" data-rl_caption=\"\" data-rel=\"lightbox-gallery-1\"><img loading=\"lazy\" decoding=\"async\" width=\"150\" height=\"102\" src=\"http:\/\/www.amisdebudange.fr\/wordpress\/wp-content\/uploads\/2013\/06\/la-sainte-anne-attire-la-foule-150x102.jpg\" class=\"attachment-thumbnail size-thumbnail\" alt=\"\" aria-describedby=\"gallery-1-1004\" srcset=\"http:\/\/www.amisdebudange.fr\/wordpress\/wp-content\/uploads\/2013\/06\/la-sainte-anne-attire-la-foule-150x102.jpg 150w, http:\/\/www.amisdebudange.fr\/wordpress\/wp-content\/uploads\/2013\/06\/la-sainte-anne-attire-la-foule-300x204.jpg 300w, http:\/\/www.amisdebudange.fr\/wordpress\/wp-content\/uploads\/2013\/06\/la-sainte-anne-attire-la-foule-600x409.jpg 600w, http:\/\/www.amisdebudange.fr\/wordpress\/wp-content\/uploads\/2013\/06\/la-sainte-anne-attire-la-foule.jpg 680w\" sizes=\"auto, (max-width: 150px) 100vw, 150px\" \/><\/a>\n\t\t\t<\/dt>\n\t\t\t\t<dd class='wp-caption-text gallery-caption' id='gallery-1-1004'>\n\t\t\t\tAmbiance champ\u00eatre autour du verre de l\u2019amiti\u00e9 apr\u00e8s la c\u00e9l\u00e9bration de la messe en l\u2019honneur de sainte Anne. Photo RL\n\t\t\t\t<\/dd><\/dl>\n\t\t\t<br style='clear: both' \/>\n\t\t<\/div>\n\n<p>Les festivit\u00e9s ont commenc\u00e9 le samedi soir sur le terrain en haut du village sous un chapiteau mettant \u00e0 l\u2019abri tous les convives. Cochon de lait, jambon de pays, tout \u00e9tait pr\u00e9vu pour restaurer un public avide de ce genre d\u2019animation.<\/p>\n<p>Dimanche matin, l\u2019\u00e9v\u00e9nement \u00e9tait \u00e0 la chapelle Sainte-Anne. Pr\u00e8s de deux cents personnes ont brav\u00e9 le froid pour assister \u00e0 la messe conc\u00e9l\u00e9br\u00e9e par le p\u00e8re Michel Huck et Philippe Fourgon.<\/p>\n<p>A l\u2019issue de l\u2019office, les deux pr\u00eatres ont b\u00e9ni le pain destin\u00e9 \u00e0 \u00eatre vendu. Les b\u00e9n\u00e9voles ont rapidement \u00e9t\u00e9 assaillis par les clients. Gros pains, petits pains, miches se vendaient comme du pain b\u00e9ni, et pour cause ! Le stock s\u2019est vite \u00e9puis\u00e9 et il faudra sans doute augmenter les quantit\u00e9s l\u2019an prochain.<\/p>\n<p>Philippe Fourgon a ensuite troqu\u00e9 sa soutane contre son habit de pr\u00e9sident de l\u2019association pour offrir le verre de l\u2019amiti\u00e9. Au cours de son allocution, il n\u2019a pas manqu\u00e9 de saluer le public venu nombreux \u00e0 cet office et de souligner l\u2019engouement qui perdure autour de cette f\u00eate.<\/p>\n<p>Il a, entre autre, rappel\u00e9 \u00ab le dur m\u00e9tier qu\u2019est celui de b\u00e9n\u00e9vole \u00bb et fait appel \u00e0 toutes les personnes qui souhaiteraient s\u2019investir dans cette belle aventure qu\u2019est l\u2019animation d\u2019un village, aventure qui f\u00eatera ses trente ans l\u2019an prochain.<\/p>\n<p>Michel Liebgott, accompagn\u00e9, de nombreux \u00e9lus, n\u2019a pas manqu\u00e9 de remercier les b\u00e9n\u00e9voles de l\u2019association. Il a constat\u00e9 que le pari de relancer l\u2019association \u00e9tait gagn\u00e9 et a souhait\u00e9 que cette aventure continue longtemps.<\/p>\n<p>La f\u00eate s\u2019est ensuite poursuivie sur le terrain en haut de Budange.<\/p>\n<hr \/>\n<h3>Vue et entendu<\/h3>\n<h4>Sous le signe du d\u00e9veloppement durable.<\/h4>\n<blockquote><p>\n  Tout au long de la f\u00eate, le tri a \u00e9t\u00e9 conseill\u00e9 aux invit\u00e9s par les b\u00e9n\u00e9voles de l\u2019association Les Amis de Budange. Conseil largement suivi par les convives. Tout le monde triait les papiers alu, les capsules, les bouchons de li\u00e8ge, etc.\n<\/p><\/blockquote>\n<hr \/>\n<p><em>Source :<\/em> <a href=\"http:\/\/www.republicain-lorrain.fr\/moselle\/2011\/08\/02\/la-sainte-anne-attire-la-foule\">R\u00e9publicain Lorrain<\/a><\/p>\n","protected":false},"excerpt":{"rendered":"<p>FAMECK : La Sainte-Anne attire la foule. publi\u00e9 le 02\/08\/2011 Mais qu\u2019est-ce qui fait courir le monde \u00e0 la f\u00eate de Sainte-Anne ? Ce n\u2019est en tout cas pas le soleil. Ce week-end, il&#46;&#46;&#46;<\/p>\n","protected":false},"author":1,"featured_media":1004,"comment_status":"closed","ping_status":"closed","sticky":false,"template":"","format":"quote","meta":{"ngg_post_thumbnail":0,"footnotes":""},"categories":[9],"tags":[],"class_list":["post-331","post","type-post","status-publish","format-quote","has-post-thumbnail","hentry","category-articles","post_format-post-format-quote"],"_links":{"self":[{"href":"http:\/\/www.amisdebudange.fr\/wordpress\/wp-json\/wp\/v2\/posts\/331","targetHints":{"allow":["GET"]}}],"collection":[{"href":"http:\/\/www.amisdebudange.fr\/wordpress\/wp-json\/wp\/v2\/posts"}],"about":[{"href":"http:\/\/www.amisdebudange.fr\/wordpress\/wp-json\/wp\/v2\/types\/post"}],"author":[{"embeddable":true,"href":"http:\/\/www.amisdebudange.fr\/wordpress\/wp-json\/wp\/v2\/users\/1"}],"replies":[{"embeddable":true,"href":"http:\/\/www.amisdebudange.fr\/wordpress\/wp-json\/wp\/v2\/comments?post=331"}],"version-history":[{"count":1,"href":"http:\/\/www.amisdebudange.fr\/wordpress\/wp-json\/wp\/v2\/posts\/331\/revisions"}],"predecessor-version":[{"id":1292,"href":"http:\/\/www.amisdebudange.fr\/wordpress\/wp-json\/wp\/v2\/posts\/331\/revisions\/1292"}],"wp:featuredmedia":[{"embeddable":true,"href":"http:\/\/www.amisdebudange.fr\/wordpress\/wp-json\/wp\/v2\/media\/1004"}],"wp:attachment":[{"href":"http:\/\/www.amisdebudange.fr\/wordpress\/wp-json\/wp\/v2\/media?parent=331"}],"wp:term":[{"taxonomy":"category","embeddable":true,"href":"http:\/\/www.amisdebudange.fr\/wordpress\/wp-json\/wp\/v2\/categories?post=331"},{"taxonomy":"post_tag","embeddable":true,"href":"http:\/\/www.amisdebudange.fr\/wordpress\/wp-json\/wp\/v2\/tags?post=331"}],"curies":[{"name":"wp","href":"https:\/\/api.w.org\/{rel}","templated":true}]}}