{"id":355,"date":"2010-06-21T05:00:14","date_gmt":"2010-06-21T05:00:14","guid":{"rendered":"http:\/\/amisdebudange.free.fr\/?p=355"},"modified":"2020-02-20T09:09:52","modified_gmt":"2020-02-20T08:09:52","slug":"republicain-lorrain-im-singing-in-the-rain","status":"publish","type":"post","link":"http:\/\/www.amisdebudange.fr\/wordpress\/2010\/06\/21\/republicain-lorrain-im-singing-in-the-rain\/","title":{"rendered":"RL : I\u2019m singing in the rain"},"content":{"rendered":"<h3><em>FAMECK :<\/em> I&rsquo;m singing in the rain.<\/h3>\n<p><em>publi\u00e9 le 21\/06\/2010<\/em><\/p>\n<p>Les caprices de la m\u00e9t\u00e9o ont eu le dessus sur la f\u00eate de la Musique \u00e0 Fameck. Samedi soir, alors que les stands \u00e9taient mont\u00e9s, les premi\u00e8res notes de musique s\u2019\u00e9levaient dans le ciel et les associations de quartier \u00e9taient pr\u00eates \u00e0 accueillir les clients lorsque des trombes d\u2019eau vers 19h refroidissant le plus t\u00e9m\u00e9raire des amateurs de saucisses ou de bi\u00e8re.<\/p>\n<p><!--more--><\/p>\n\n\t\t<style>\n\t\t\t#gallery-1 {\n\t\t\t\tmargin: auto;\n\t\t\t}\n\t\t\t#gallery-1 .gallery-item {\n\t\t\t\tfloat: left;\n\t\t\t\tmargin-top: 10px;\n\t\t\t\ttext-align: center;\n\t\t\t\twidth: 33%;\n\t\t\t}\n\t\t\t#gallery-1 img {\n\t\t\t\tborder: 2px solid #cfcfcf;\n\t\t\t}\n\t\t\t#gallery-1 .gallery-caption {\n\t\t\t\tmargin-left: 0;\n\t\t\t}\n\t\t\t\/* see gallery_shortcode() in wp-includes\/media.php *\/\n\t\t<\/style>\n\t\t<div id='gallery-1' class='gallery galleryid-355 gallery-columns-3 gallery-size-full'><dl class='gallery-item'>\n\t\t\t<dt class='gallery-icon landscape'>\n\t\t\t\t<a href='http:\/\/www.amisdebudange.fr\/wordpress\/wp-content\/uploads\/2013\/06\/i-m-singing-in-the-rain.jpg' title=\"\" data-rl_title=\"\" class=\"rl-gallery-link\" data-rl_caption=\"\" data-rel=\"lightbox-gallery-1\"><img loading=\"lazy\" decoding=\"async\" width=\"680\" height=\"360\" src=\"http:\/\/www.amisdebudange.fr\/wordpress\/wp-content\/uploads\/2013\/06\/i-m-singing-in-the-rain.jpg\" class=\"attachment-full size-full\" alt=\"\" aria-describedby=\"gallery-1-1000\" srcset=\"http:\/\/www.amisdebudange.fr\/wordpress\/wp-content\/uploads\/2013\/06\/i-m-singing-in-the-rain.jpg 680w, http:\/\/www.amisdebudange.fr\/wordpress\/wp-content\/uploads\/2013\/06\/i-m-singing-in-the-rain-150x79.jpg 150w, http:\/\/www.amisdebudange.fr\/wordpress\/wp-content\/uploads\/2013\/06\/i-m-singing-in-the-rain-300x158.jpg 300w, http:\/\/www.amisdebudange.fr\/wordpress\/wp-content\/uploads\/2013\/06\/i-m-singing-in-the-rain-600x317.jpg 600w\" sizes=\"auto, (max-width: 680px) 100vw, 680px\" \/><\/a>\n\t\t\t<\/dt>\n\t\t\t\t<dd class='wp-caption-text gallery-caption' id='gallery-1-1000'>\n\t\t\t\tPremi\u00e8re f\u00eate de la Musique pour le nouveau comit\u00e9 budangeois. Photo RL\n\t\t\t\t<\/dd><\/dl>\n\t\t\t<br style='clear: both' \/>\n\t\t<\/div>\n\n<p>Au parc municipal, les jeunes danseuses orientales n\u2019ont pu pr\u00e9senter que trois danses puis, envahies par le froid et l\u2019humidit\u00e9, n\u2019ayant pas d\u2019abris, \u00e9vacu\u00e8rent rapidement les lieux laissant l\u2019association Loisirs et Traditions seule avec sa restauration. A Budange, le jeune comit\u00e9 des Amis de Budange n\u2019a pas pli\u00e9 devant l\u2019orage. Arm\u00e9s de patience, ils ont continu\u00e9 \u00e0 r\u00f4tir leurs saucisses.<\/p>\n<p>Grand bien leur en a prix puisque quelques minutes apr\u00e8s, le temps se mit au beau. Les premiers clients sont arriv\u00e9s et la f\u00eate a pu commencer malgr\u00e9 une temp\u00e9rature un peu fra\u00eeche. L\u2019association d\u2019Oury, quant \u00e0 elle, avait pr\u00e9vu ces al\u00e9as du temps et s\u2019\u00e9tait munie d\u2019un grand chapiteau. Les riverains venus en curieux ont pu tranquillement s\u2019y abriter et se restaurer avant de faire quelques pas de danse. A Morlange par contre, le terrain engazonn\u00e9 de la place Lacroix d\u00e9gageant une forte humidit\u00e9 a refroidi plus d\u2019un badaud. Gageons que l\u2019an prochain la m\u00e9t\u00e9o soit plus cl\u00e9mente et que la f\u00eate puisse se d\u00e9rouler normalement.<\/p>\n<hr>\n<p><em>Source :<\/em> <a href=\"http:\/\/www.republicain-lorrain.fr\/moselle\/2010\/06\/21\/i-m-singing-in-the-rain\">R\u00e9publicain Lorrain<\/a><\/p>\n","protected":false},"excerpt":{"rendered":"<p>FAMECK : I&rsquo;m singing in the rain. publi\u00e9 le 21\/06\/2010 Les caprices de la m\u00e9t\u00e9o ont eu le dessus sur la f\u00eate de la Musique \u00e0 Fameck. Samedi soir, alors que les stands \u00e9taient&#46;&#46;&#46;<\/p>\n","protected":false},"author":1,"featured_media":1000,"comment_status":"closed","ping_status":"closed","sticky":false,"template":"","format":"quote","meta":{"ngg_post_thumbnail":0,"footnotes":""},"categories":[9],"tags":[],"class_list":["post-355","post","type-post","status-publish","format-quote","has-post-thumbnail","hentry","category-articles","post_format-post-format-quote"],"_links":{"self":[{"href":"http:\/\/www.amisdebudange.fr\/wordpress\/wp-json\/wp\/v2\/posts\/355","targetHints":{"allow":["GET"]}}],"collection":[{"href":"http:\/\/www.amisdebudange.fr\/wordpress\/wp-json\/wp\/v2\/posts"}],"about":[{"href":"http:\/\/www.amisdebudange.fr\/wordpress\/wp-json\/wp\/v2\/types\/post"}],"author":[{"embeddable":true,"href":"http:\/\/www.amisdebudange.fr\/wordpress\/wp-json\/wp\/v2\/users\/1"}],"replies":[{"embeddable":true,"href":"http:\/\/www.amisdebudange.fr\/wordpress\/wp-json\/wp\/v2\/comments?post=355"}],"version-history":[{"count":3,"href":"http:\/\/www.amisdebudange.fr\/wordpress\/wp-json\/wp\/v2\/posts\/355\/revisions"}],"predecessor-version":[{"id":2001,"href":"http:\/\/www.amisdebudange.fr\/wordpress\/wp-json\/wp\/v2\/posts\/355\/revisions\/2001"}],"wp:featuredmedia":[{"embeddable":true,"href":"http:\/\/www.amisdebudange.fr\/wordpress\/wp-json\/wp\/v2\/media\/1000"}],"wp:attachment":[{"href":"http:\/\/www.amisdebudange.fr\/wordpress\/wp-json\/wp\/v2\/media?parent=355"}],"wp:term":[{"taxonomy":"category","embeddable":true,"href":"http:\/\/www.amisdebudange.fr\/wordpress\/wp-json\/wp\/v2\/categories?post=355"},{"taxonomy":"post_tag","embeddable":true,"href":"http:\/\/www.amisdebudange.fr\/wordpress\/wp-json\/wp\/v2\/tags?post=355"}],"curies":[{"name":"wp","href":"https:\/\/api.w.org\/{rel}","templated":true}]}}