{"id":616,"date":"2012-06-03T11:38:47","date_gmt":"2012-06-03T11:38:47","guid":{"rendered":"http:\/\/amisdebudange.free.fr\/?p=616"},"modified":"2020-02-20T09:20:20","modified_gmt":"2020-02-20T08:20:20","slug":"fete-de-la-musique-2012","status":"publish","type":"post","link":"http:\/\/www.amisdebudange.fr\/wordpress\/2012\/06\/03\/fete-de-la-musique-2012\/","title":{"rendered":"F\u00eate de la musique &#8211; 2012"},"content":{"rendered":"<p>L&rsquo;association les Amis de Budange organise, cette ann\u00e9e encore, la traditionnelle f\u00eate de la Musique. Au programme, animation musicale assur\u00e9e par Max&rsquo; Animation et restauration sous chapiteau! Rendez-vous prit d\u00e8s 18h sur la place Emile Hacquard (parking en haut de la rue sainte-Anne).<\/p>\n<p><!--more--><\/p>\n<ul>\n<li><em>Quand :<\/em> 17\/06\/11 (18:30 &#8211; 21:30).<\/li>\n<li><em>O\u00f9 :<\/em> Parking en haut de la rue sainte-Anne, Place Emile Hacquard &#8211; Fameck &#8211; Budange.<\/li>\n<li><em>Liens :<\/em> <a href=\"https:\/\/maps.google.com\/maps?q=fameck&amp;hl=fr&amp;ll=49.286514,6.117142&amp;spn=0.005927,0.016512&amp;sll=37.0625,-95.677068&amp;sspn=58.076329,135.263672&amp;t=h&amp;hnear=Fameck,+Moselle,+Lorraine,+France&amp;z=17\">Voir la carte<\/a><\/li>\n<\/ul>\n<hr>\n\n\t\t<style>\n\t\t\t#gallery-1 {\n\t\t\t\tmargin: auto;\n\t\t\t}\n\t\t\t#gallery-1 .gallery-item {\n\t\t\t\tfloat: left;\n\t\t\t\tmargin-top: 10px;\n\t\t\t\ttext-align: center;\n\t\t\t\twidth: 33%;\n\t\t\t}\n\t\t\t#gallery-1 img {\n\t\t\t\tborder: 2px solid #cfcfcf;\n\t\t\t}\n\t\t\t#gallery-1 .gallery-caption {\n\t\t\t\tmargin-left: 0;\n\t\t\t}\n\t\t\t\/* see gallery_shortcode() in wp-includes\/media.php *\/\n\t\t<\/style>\n\t\t<div id='gallery-1' class='gallery galleryid-616 gallery-columns-3 gallery-size-medium'><dl class='gallery-item'>\n\t\t\t<dt class='gallery-icon portrait'>\n\t\t\t\t<a href='http:\/\/www.amisdebudange.fr\/wordpress\/wp-content\/uploads\/2013\/06\/F\u00eate-de-la-Musique.jpg' title=\"\" data-rl_title=\"\" class=\"rl-gallery-link\" data-rl_caption=\"\" data-rel=\"lightbox-gallery-1\"><img loading=\"lazy\" decoding=\"async\" width=\"212\" height=\"300\" src=\"http:\/\/www.amisdebudange.fr\/wordpress\/wp-content\/uploads\/2013\/06\/F\u00eate-de-la-Musique-212x300.jpg\" class=\"attachment-medium size-medium\" alt=\"\" aria-describedby=\"gallery-1-993\" srcset=\"http:\/\/www.amisdebudange.fr\/wordpress\/wp-content\/uploads\/2013\/06\/F\u00eate-de-la-Musique-212x300.jpg 212w, http:\/\/www.amisdebudange.fr\/wordpress\/wp-content\/uploads\/2013\/06\/F\u00eate-de-la-Musique-106x150.jpg 106w, http:\/\/www.amisdebudange.fr\/wordpress\/wp-content\/uploads\/2013\/06\/F\u00eate-de-la-Musique-723x1024.jpg 723w, http:\/\/www.amisdebudange.fr\/wordpress\/wp-content\/uploads\/2013\/06\/F\u00eate-de-la-Musique-600x849.jpg 600w, http:\/\/www.amisdebudange.fr\/wordpress\/wp-content\/uploads\/2013\/06\/F\u00eate-de-la-Musique.jpg 800w\" sizes=\"auto, (max-width: 212px) 100vw, 212px\" \/><\/a>\n\t\t\t<\/dt>\n\t\t\t\t<dd class='wp-caption-text gallery-caption' id='gallery-1-993'>\n\t\t\t\tTract &#8211; F\u00eate de la Musique &#8211; 2012\n\t\t\t\t<\/dd><\/dl>\n\t\t\t<br style='clear: both' \/>\n\t\t<\/div>\n\n","protected":false},"excerpt":{"rendered":"<p>L&rsquo;association les Amis de Budange organise, cette ann\u00e9e encore, la traditionnelle f\u00eate de la Musique. Au programme, animation musicale assur\u00e9e par Max&rsquo; Animation et restauration sous chapiteau! Rendez-vous prit d\u00e8s 18h sur la place&#46;&#46;&#46;<\/p>\n","protected":false},"author":1,"featured_media":993,"comment_status":"closed","ping_status":"closed","sticky":false,"template":"","format":"standard","meta":{"ngg_post_thumbnail":0,"footnotes":""},"categories":[3],"tags":[],"class_list":["post-616","post","type-post","status-publish","format-standard","has-post-thumbnail","hentry","category-evenements"],"_links":{"self":[{"href":"http:\/\/www.amisdebudange.fr\/wordpress\/wp-json\/wp\/v2\/posts\/616","targetHints":{"allow":["GET"]}}],"collection":[{"href":"http:\/\/www.amisdebudange.fr\/wordpress\/wp-json\/wp\/v2\/posts"}],"about":[{"href":"http:\/\/www.amisdebudange.fr\/wordpress\/wp-json\/wp\/v2\/types\/post"}],"author":[{"embeddable":true,"href":"http:\/\/www.amisdebudange.fr\/wordpress\/wp-json\/wp\/v2\/users\/1"}],"replies":[{"embeddable":true,"href":"http:\/\/www.amisdebudange.fr\/wordpress\/wp-json\/wp\/v2\/comments?post=616"}],"version-history":[{"count":2,"href":"http:\/\/www.amisdebudange.fr\/wordpress\/wp-json\/wp\/v2\/posts\/616\/revisions"}],"predecessor-version":[{"id":2013,"href":"http:\/\/www.amisdebudange.fr\/wordpress\/wp-json\/wp\/v2\/posts\/616\/revisions\/2013"}],"wp:featuredmedia":[{"embeddable":true,"href":"http:\/\/www.amisdebudange.fr\/wordpress\/wp-json\/wp\/v2\/media\/993"}],"wp:attachment":[{"href":"http:\/\/www.amisdebudange.fr\/wordpress\/wp-json\/wp\/v2\/media?parent=616"}],"wp:term":[{"taxonomy":"category","embeddable":true,"href":"http:\/\/www.amisdebudange.fr\/wordpress\/wp-json\/wp\/v2\/categories?post=616"},{"taxonomy":"post_tag","embeddable":true,"href":"http:\/\/www.amisdebudange.fr\/wordpress\/wp-json\/wp\/v2\/tags?post=616"}],"curies":[{"name":"wp","href":"https:\/\/api.w.org\/{rel}","templated":true}]}}